
{"id":1061,"date":"2022-03-08T13:54:23","date_gmt":"2022-03-08T12:54:23","guid":{"rendered":"https:\/\/babyjourney.se\/?p=1061"},"modified":"2025-10-14T15:51:59","modified_gmt":"2025-10-14T13:51:59","slug":"del-1-for-tidligt-fodte-born-og-neonatalafdelingen","status":"publish","type":"post","link":"https:\/\/webstaging.babyjourney.se\/dk\/forlossning\/del-1-for-tidigt-fodda-barn-och-neonatalavdelningen\/","title":{"rendered":"Del 1: For tidligt f\u00f8dte b\u00f8rn og neonatal pleje"},"content":{"rendered":"<p><em>Bekr\u00e6ftet og anmeldt af: Jordemoder Maria Midstam<\/em><strong><br \/>\nI denne serie i fem dele kan du l\u00e6se om for tidligt f\u00f8dte b\u00f8rn og neonatalafdelingen.<\/strong><\/p>\n<h2 data-start=\"397\" data-end=\"446\">Hvad vil det sige at v\u00e6re f\u00f8dt for tidligt?<\/h2>\n<p data-start=\"448\" data-end=\"605\">At v\u00e6re <strong data-start=\"457\" data-end=\"469\">for tidligt<\/strong> betyder, at barnet er f\u00f8dt, f\u00f8r dets krop er fuldt udviklet. Hvor meget st\u00f8tte barnet har brug for, afh\u00e6nger af <strong data-start=\"575\" data-end=\"602\">hvilken uge den er f\u00f8dt i<\/strong>.<\/p>\n<ul>\n<li data-start=\"609\" data-end=\"661\"><strong data-start=\"609\" data-end=\"638\">Ekstremt for tidligt f\u00f8dte b\u00f8rn:<\/strong> f\u00f8r ugen <strong data-start=\"651\" data-end=\"659\">28+0<\/strong><\/li>\n<li data-start=\"609\" data-end=\"661\"><strong data-start=\"664\" data-end=\"692\">Meget for tidlige f\u00f8dsler:<\/strong> f\u00f8r ugen <strong data-start=\"705\" data-end=\"713\">32+0<\/strong><\/li>\n<li data-start=\"609\" data-end=\"661\"><strong data-start=\"718\" data-end=\"748\">Moderat for tidlige f\u00f8dsler:<\/strong> f\u00f8r ugen <strong data-start=\"761\" data-end=\"769\">37+0<\/strong><\/li>\n<\/ul>\n<h2 data-start=\"778\" data-end=\"815\">Pleje p\u00e5 neonatalafdelingen<\/h2>\n<p data-start=\"817\" data-end=\"1034\">B\u00f8rn, der er f\u00f8dt for tidligt, har ofte brug for <strong data-start=\"855\" data-end=\"877\">specialiseret pleje<\/strong> efter f\u00f8dslen.<br data-start=\"892\" data-end=\"895\" \/>Der bliver taget h\u00e5nd om dem p\u00e5 <strong data-start=\"913\" data-end=\"936\">Neonatalafdeling<\/strong>, hvor personalet er s\u00e6rligt uddannet til at st\u00f8tte barnets vejrtr\u00e6kning, fodring og termoregulering.<\/p>\n<p data-start=\"1036\" data-end=\"1220\">Ogs\u00e5 <strong data-start=\"1041\" data-end=\"1060\">fuldb\u00e5rne b\u00f8rn<\/strong> som har <strong data-start=\"1069\" data-end=\"1092\">vejrtr\u00e6kningsbesv\u00e6r<\/strong> eller <strong data-start=\"1099\" data-end=\"1114\">Infektioner<\/strong> kan blive passet her i nogen tid.<br data-start=\"1143\" data-end=\"1146\" \/>M\u00e5let er at give barnet tryghed, opsyn og en rolig start p\u00e5 livet.<\/p>\n<h2 data-start=\"1227\" data-end=\"1263\">Hvorfor bliver babyer f\u00f8dt for tidligt?<\/h2>\n<p data-start=\"1265\" data-end=\"1499\">I nogle tilf\u00e6lde kan en <strong data-start=\"1285\" data-end=\"1328\">infektion eller sygdom hos den gravide kvinde<\/strong> er ansvarlige for en for tidlig f\u00f8dsel.<br data-start=\"1361\" data-end=\"1364\" \/>Men i mange tilf\u00e6lde er der <strong data-start=\"1387\" data-end=\"1409\">ingen klar grund<\/strong> - Det er simpelthen ikke altid muligt at svare p\u00e5, hvorfor f\u00f8dslen starter for tidligt.<\/p>\n<h2 data-start=\"1506\" data-end=\"1553\">For\u00e6ldrenes rolle og betydningen af n\u00e6rhed<\/h2>\n<p data-start=\"1555\" data-end=\"1746\">At f\u00e5 en baby, der har brug for neonatal pleje, kan v\u00e6re <strong data-start=\"1605\" data-end=\"1628\">en tumultarisk start<\/strong>.<br data-start=\"1629\" data-end=\"1632\" \/>Den f\u00f8rste tid er sj\u00e6ldent, som man havde forestillet sig, men man er som for\u00e6lder en <strong data-start=\"1715\" data-end=\"1743\">vigtig del af sundhedsteamet<\/strong>.<\/p>\n<ul>\n<li data-start=\"1750\" data-end=\"1828\">Du vil gradvist blive <strong data-start=\"1772\" data-end=\"1788\">mere involveret<\/strong> i pleje, efterh\u00e5nden som barnet vokser.<\/li>\n<li data-start=\"1750\" data-end=\"1828\">Hvis du ikke altid kan v\u00e6re t\u00e6t p\u00e5, kan en <strong data-start=\"1870\" data-end=\"1893\">Et stykke stof med din duft<\/strong> placeres hos barnet for at skabe tryghed.<\/li>\n<li data-start=\"1750\" data-end=\"1828\">N\u00e5r barnet er stabilt og har f\u00e5et lov til at komme ud af kuv\u00f8sen, kan du holde det <strong data-start=\"2004\" data-end=\"2019\">hud mod hud<\/strong> - et \u00f8jeblik, der gavner begge <strong data-start=\"2047\" data-end=\"2061\">forbindelse<\/strong> og <strong data-start=\"2066\" data-end=\"2079\">velv\u00e6re<\/strong>.<\/li>\n<\/ul>\n<p data-start=\"2084\" data-end=\"2189\">Den fysiske n\u00e6rhed frigiver <strong data-start=\"2115\" data-end=\"2127\">oxytocin<\/strong>, Det er kroppens \u201dfeel good\u201d-hormon, som styrker b\u00e5de barnet og dig.<\/p>\n<section class=\"answer-blocks\">\n<h2>Hurtige reaktioner<\/h2>\n<article class=\"answer-item\">\n<h3>For tidligt:<\/h3>\n<p>B\u00f8rn f\u00f8dt f\u00f8r uge 37+0.<\/p>\n<\/article>\n<article class=\"answer-item\">\n<h3>Ekstremt for tidligt f\u00f8dte b\u00f8rn:<\/h3>\n<p>B\u00f8rn f\u00f8dt f\u00f8r uge 28+0.<\/p>\n<\/article>\n<article class=\"answer-item\">\n<h3>Neonatalafdelingen:<\/h3>\n<p>Specialiseret plejeafdeling for nyf\u00f8dte, der har brug for ekstra st\u00f8tte.<\/p>\n<\/article>\n<article class=\"answer-item\">\n<h3>Almindelige \u00e5rsager:<\/h3>\n<p>Infektioner eller sygdomme hos den gravide kvinde, men ofte uden klar \u00e5rsag.<\/p>\n<\/article>\n<article class=\"answer-item\">\n<h3>For\u00e6ldrenes rolle:<\/h3>\n<p>N\u00e6rhed, duft og deltagelse i omsorgen styrker barnet og tilknytningen.<\/p>\n<\/article>\n<\/section>","protected":false},"excerpt":{"rendered":"<p>Kontrolleret og gennemg\u00e5et af: Jordemoder Maria Midstam I denne artikelserie p\u00e5 fem dele kan du l\u00e6se om for tidligt f\u00f8dte b\u00f8rn og neonatalafdelingen. Hvad betyder det at v\u00e6re for tidligt f\u00f8dt? At v\u00e6re for tidligt f\u00f8dt betyder, at barnet f\u00f8des\u2026<\/p>","protected":false},"author":4,"featured_media":1060,"comment_status":"closed","ping_status":"open","sticky":false,"template":"","format":"standard","meta":{"_acf_changed":false,"footnotes":""},"categories":[3],"tags":[],"class_list":["post-1061","post","type-post","status-publish","format-standard","has-post-thumbnail","hentry","category-forlossning"],"acf":[],"yoast_head":"<!-- This site is optimized with the Yoast SEO plugin v28.0 - https:\/\/yoast.com\/product\/yoast-seo-wordpress\/ -->\n<title>Del 1: F\u00f6r tidigt f\u00f6dda barn &amp; Neonatalv\u00e5rd | Baby Journey<\/title>\n<meta name=\"description\" content=\"Ca 110 000 barn f\u00f6ds i Sverige varje \u00e5r. Att vara f\u00f6r tidigt f\u00f6dd kallas f\u00f6r att vara prematur. Omkring fem procent f\u00f6ds innan v 37+0\" \/>\n<meta name=\"robots\" content=\"index, follow, max-snippet:-1, max-image-preview:large, max-video-preview:-1\" \/>\n<link rel=\"canonical\" href=\"https:\/\/webstaging.babyjourney.se\/dk\/fodsel\/del-1-for-tidligt-fodte-born-og-neonatalafdelingen\/\" \/>\n<meta property=\"og:locale\" content=\"da_DK\" \/>\n<meta property=\"og:type\" content=\"article\" \/>\n<meta property=\"og:title\" content=\"Del 1: F\u00f6r tidigt f\u00f6dda barn &amp; Neonatalv\u00e5rd | Baby Journey\" \/>\n<meta property=\"og:description\" content=\"Ca 110 000 barn f\u00f6ds i Sverige varje \u00e5r. Att vara f\u00f6r tidigt f\u00f6dd kallas f\u00f6r att vara prematur. Omkring fem procent f\u00f6ds innan v 37+0\" \/>\n<meta property=\"og:url\" content=\"https:\/\/webstaging.babyjourney.se\/dk\/fodsel\/del-1-for-tidligt-fodte-born-og-neonatalafdelingen\/\" \/>\n<meta property=\"og:site_name\" content=\"Baby Journey\" \/>\n<meta property=\"article:published_time\" content=\"2022-03-08T12:54:23+00:00\" \/>\n<meta property=\"article:modified_time\" content=\"2025-10-14T13:51:59+00:00\" \/>\n<meta property=\"og:image\" content=\"https:\/\/webstaging.babyjourney.se\/wp-content\/uploads\/2022\/02\/newborn-1.png\" \/>\n\t<meta property=\"og:image:width\" content=\"800\" \/>\n\t<meta property=\"og:image:height\" content=\"600\" \/>\n\t<meta property=\"og:image:type\" content=\"image\/png\" \/>\n<meta name=\"author\" content=\"malin@babyjourney.se\" \/>\n<meta name=\"twitter:card\" content=\"summary_large_image\" \/>\n<meta name=\"twitter:label1\" content=\"Written by\" \/>\n\t<meta name=\"twitter:data1\" content=\"malin@babyjourney.se\" \/>\n\t<meta name=\"twitter:label2\" content=\"Est. reading time\" \/>\n\t<meta name=\"twitter:data2\" content=\"2 minutes\" \/>\n<script type=\"application\/ld+json\" class=\"yoast-schema-graph\">{\"@context\":\"https:\\\/\\\/schema.org\",\"@graph\":[{\"@type\":\"Article\",\"@id\":\"https:\\\/\\\/webstaging.babyjourney.se\\\/forlossning\\\/del-1-for-tidigt-fodda-barn-och-neonatalavdelningen\\\/#article\",\"isPartOf\":{\"@id\":\"https:\\\/\\\/webstaging.babyjourney.se\\\/forlossning\\\/del-1-for-tidigt-fodda-barn-och-neonatalavdelningen\\\/\"},\"author\":{\"name\":\"malin@babyjourney.se\",\"@id\":\"https:\\\/\\\/webstaging.babyjourney.se\\\/#\\\/schema\\\/person\\\/43e4b682dd88bf6e0f3afdca7b0feb92\"},\"headline\":\"Del 1: F\u00f6r tidigt f\u00f6dda barn &#038; Neonatalv\u00e5rd\",\"datePublished\":\"2022-03-08T12:54:23+00:00\",\"dateModified\":\"2025-10-14T13:51:59+00:00\",\"mainEntityOfPage\":{\"@id\":\"https:\\\/\\\/webstaging.babyjourney.se\\\/forlossning\\\/del-1-for-tidigt-fodda-barn-och-neonatalavdelningen\\\/\"},\"wordCount\":439,\"image\":{\"@id\":\"https:\\\/\\\/webstaging.babyjourney.se\\\/forlossning\\\/del-1-for-tidigt-fodda-barn-och-neonatalavdelningen\\\/#primaryimage\"},\"thumbnailUrl\":\"https:\\\/\\\/webstaging.babyjourney.se\\\/wp-content\\\/uploads\\\/2022\\\/02\\\/newborn-1.png\",\"articleSection\":[\"F\u00f6rlossning\"],\"inLanguage\":\"da-DK\"},{\"@type\":\"WebPage\",\"@id\":\"https:\\\/\\\/webstaging.babyjourney.se\\\/forlossning\\\/del-1-for-tidigt-fodda-barn-och-neonatalavdelningen\\\/\",\"url\":\"https:\\\/\\\/webstaging.babyjourney.se\\\/forlossning\\\/del-1-for-tidigt-fodda-barn-och-neonatalavdelningen\\\/\",\"name\":\"Del 1: F\u00f6r tidigt f\u00f6dda barn & Neonatalv\u00e5rd | Baby Journey\",\"isPartOf\":{\"@id\":\"https:\\\/\\\/webstaging.babyjourney.se\\\/#website\"},\"primaryImageOfPage\":{\"@id\":\"https:\\\/\\\/webstaging.babyjourney.se\\\/forlossning\\\/del-1-for-tidigt-fodda-barn-och-neonatalavdelningen\\\/#primaryimage\"},\"image\":{\"@id\":\"https:\\\/\\\/webstaging.babyjourney.se\\\/forlossning\\\/del-1-for-tidigt-fodda-barn-och-neonatalavdelningen\\\/#primaryimage\"},\"thumbnailUrl\":\"https:\\\/\\\/webstaging.babyjourney.se\\\/wp-content\\\/uploads\\\/2022\\\/02\\\/newborn-1.png\",\"datePublished\":\"2022-03-08T12:54:23+00:00\",\"dateModified\":\"2025-10-14T13:51:59+00:00\",\"author\":{\"@id\":\"https:\\\/\\\/webstaging.babyjourney.se\\\/#\\\/schema\\\/person\\\/43e4b682dd88bf6e0f3afdca7b0feb92\"},\"description\":\"Ca 110 000 barn f\u00f6ds i Sverige varje \u00e5r. Att vara f\u00f6r tidigt f\u00f6dd kallas f\u00f6r att vara prematur. Omkring fem procent f\u00f6ds innan v 37+0\",\"breadcrumb\":{\"@id\":\"https:\\\/\\\/webstaging.babyjourney.se\\\/forlossning\\\/del-1-for-tidigt-fodda-barn-och-neonatalavdelningen\\\/#breadcrumb\"},\"inLanguage\":\"da-DK\",\"potentialAction\":[{\"@type\":\"ReadAction\",\"target\":[\"https:\\\/\\\/webstaging.babyjourney.se\\\/forlossning\\\/del-1-for-tidigt-fodda-barn-och-neonatalavdelningen\\\/\"]}]},{\"@type\":\"ImageObject\",\"inLanguage\":\"da-DK\",\"@id\":\"https:\\\/\\\/webstaging.babyjourney.se\\\/forlossning\\\/del-1-for-tidigt-fodda-barn-och-neonatalavdelningen\\\/#primaryimage\",\"url\":\"https:\\\/\\\/webstaging.babyjourney.se\\\/wp-content\\\/uploads\\\/2022\\\/02\\\/newborn-1.png\",\"contentUrl\":\"https:\\\/\\\/webstaging.babyjourney.se\\\/wp-content\\\/uploads\\\/2022\\\/02\\\/newborn-1.png\",\"width\":800,\"height\":600,\"caption\":\"f\u00f6r tidigt f\u00f6dda barn\"},{\"@type\":\"BreadcrumbList\",\"@id\":\"https:\\\/\\\/webstaging.babyjourney.se\\\/forlossning\\\/del-1-for-tidigt-fodda-barn-och-neonatalavdelningen\\\/#breadcrumb\",\"itemListElement\":[{\"@type\":\"ListItem\",\"position\":1,\"name\":\"Home\",\"item\":\"https:\\\/\\\/webstaging.babyjourney.se\\\/\"},{\"@type\":\"ListItem\",\"position\":2,\"name\":\"Del 1: F\u00f6r tidigt f\u00f6dda barn &#038; Neonatalv\u00e5rd\"}]},{\"@type\":\"WebSite\",\"@id\":\"https:\\\/\\\/webstaging.babyjourney.se\\\/#website\",\"url\":\"https:\\\/\\\/webstaging.babyjourney.se\\\/\",\"name\":\"Baby Journey\",\"description\":\"Baby Journey Gravidapp \u00e4r framtagen f\u00f6r att minska ensamheten under en graviditet och \u00f6ka samh\u00f6righeten bland gravida kvinnor och partners.\",\"potentialAction\":[{\"@type\":\"SearchAction\",\"target\":{\"@type\":\"EntryPoint\",\"urlTemplate\":\"https:\\\/\\\/webstaging.babyjourney.se\\\/?s={search_term_string}\"},\"query-input\":{\"@type\":\"PropertyValueSpecification\",\"valueRequired\":true,\"valueName\":\"search_term_string\"}}],\"inLanguage\":\"da-DK\"},{\"@type\":\"Person\",\"@id\":\"https:\\\/\\\/webstaging.babyjourney.se\\\/#\\\/schema\\\/person\\\/43e4b682dd88bf6e0f3afdca7b0feb92\",\"name\":\"malin@babyjourney.se\",\"image\":{\"@type\":\"ImageObject\",\"inLanguage\":\"da-DK\",\"@id\":\"https:\\\/\\\/secure.gravatar.com\\\/avatar\\\/8c2dc2b902ffc46d191b1208f5844a2c4fe24f739a33b0f346429fc559954f47?s=96&d=mm&r=g\",\"url\":\"https:\\\/\\\/secure.gravatar.com\\\/avatar\\\/8c2dc2b902ffc46d191b1208f5844a2c4fe24f739a33b0f346429fc559954f47?s=96&d=mm&r=g\",\"contentUrl\":\"https:\\\/\\\/secure.gravatar.com\\\/avatar\\\/8c2dc2b902ffc46d191b1208f5844a2c4fe24f739a33b0f346429fc559954f47?s=96&d=mm&r=g\",\"caption\":\"malin@babyjourney.se\"},\"url\":\"https:\\\/\\\/webstaging.babyjourney.se\\\/dk\\\/author\\\/malinbabyjourney-se\\\/\"}]}<\/script>\n<!-- \/ Yoast SEO plugin. -->","yoast_head_json":{"title":"Del 1: For tidligt f\u00f8dte b\u00f8rn og neonatal pleje | Baby Journey","description":"Der f\u00f8des omkring 110.000 b\u00f8rn i Sverige hvert \u00e5r. At blive f\u00f8dt for tidligt kaldes at blive f\u00f8dt for tidligt. Omkring fem procent f\u00f8des f\u00f8r 37+0 uger.","robots":{"index":"index","follow":"follow","max-snippet":"max-snippet:-1","max-image-preview":"max-image-preview:large","max-video-preview":"max-video-preview:-1"},"canonical":"https:\/\/webstaging.babyjourney.se\/dk\/fodsel\/del-1-for-tidligt-fodte-born-og-neonatalafdelingen\/","og_locale":"da_DK","og_type":"article","og_title":"Del 1: F\u00f6r tidigt f\u00f6dda barn & Neonatalv\u00e5rd | Baby Journey","og_description":"Ca 110 000 barn f\u00f6ds i Sverige varje \u00e5r. Att vara f\u00f6r tidigt f\u00f6dd kallas f\u00f6r att vara prematur. Omkring fem procent f\u00f6ds innan v 37+0","og_url":"https:\/\/webstaging.babyjourney.se\/dk\/fodsel\/del-1-for-tidligt-fodte-born-og-neonatalafdelingen\/","og_site_name":"Baby Journey","article_published_time":"2022-03-08T12:54:23+00:00","article_modified_time":"2025-10-14T13:51:59+00:00","og_image":[{"width":800,"height":600,"url":"https:\/\/webstaging.babyjourney.se\/wp-content\/uploads\/2022\/02\/newborn-1.png","type":"image\/png"}],"author":"malin@babyjourney.se","twitter_card":"summary_large_image","twitter_misc":{"Written by":"malin@babyjourney.se","Est. reading time":"2 minutes"},"schema":{"@context":"https:\/\/schema.org","@graph":[{"@type":"Article","@id":"https:\/\/webstaging.babyjourney.se\/forlossning\/del-1-for-tidigt-fodda-barn-och-neonatalavdelningen\/#article","isPartOf":{"@id":"https:\/\/webstaging.babyjourney.se\/forlossning\/del-1-for-tidigt-fodda-barn-och-neonatalavdelningen\/"},"author":{"name":"malin@babyjourney.se","@id":"https:\/\/webstaging.babyjourney.se\/#\/schema\/person\/43e4b682dd88bf6e0f3afdca7b0feb92"},"headline":"Del 1: F\u00f6r tidigt f\u00f6dda barn &#038; Neonatalv\u00e5rd","datePublished":"2022-03-08T12:54:23+00:00","dateModified":"2025-10-14T13:51:59+00:00","mainEntityOfPage":{"@id":"https:\/\/webstaging.babyjourney.se\/forlossning\/del-1-for-tidigt-fodda-barn-och-neonatalavdelningen\/"},"wordCount":439,"image":{"@id":"https:\/\/webstaging.babyjourney.se\/forlossning\/del-1-for-tidigt-fodda-barn-och-neonatalavdelningen\/#primaryimage"},"thumbnailUrl":"https:\/\/webstaging.babyjourney.se\/wp-content\/uploads\/2022\/02\/newborn-1.png","articleSection":["F\u00f6rlossning"],"inLanguage":"da-DK"},{"@type":"WebPage","@id":"https:\/\/webstaging.babyjourney.se\/forlossning\/del-1-for-tidigt-fodda-barn-och-neonatalavdelningen\/","url":"https:\/\/webstaging.babyjourney.se\/forlossning\/del-1-for-tidigt-fodda-barn-och-neonatalavdelningen\/","name":"Del 1: For tidligt f\u00f8dte b\u00f8rn og neonatal pleje | Baby Journey","isPartOf":{"@id":"https:\/\/webstaging.babyjourney.se\/#website"},"primaryImageOfPage":{"@id":"https:\/\/webstaging.babyjourney.se\/forlossning\/del-1-for-tidigt-fodda-barn-och-neonatalavdelningen\/#primaryimage"},"image":{"@id":"https:\/\/webstaging.babyjourney.se\/forlossning\/del-1-for-tidigt-fodda-barn-och-neonatalavdelningen\/#primaryimage"},"thumbnailUrl":"https:\/\/webstaging.babyjourney.se\/wp-content\/uploads\/2022\/02\/newborn-1.png","datePublished":"2022-03-08T12:54:23+00:00","dateModified":"2025-10-14T13:51:59+00:00","author":{"@id":"https:\/\/webstaging.babyjourney.se\/#\/schema\/person\/43e4b682dd88bf6e0f3afdca7b0feb92"},"description":"Der f\u00f8des omkring 110.000 b\u00f8rn i Sverige hvert \u00e5r. At blive f\u00f8dt for tidligt kaldes at blive f\u00f8dt for tidligt. Omkring fem procent f\u00f8des f\u00f8r 37+0 uger.","breadcrumb":{"@id":"https:\/\/webstaging.babyjourney.se\/forlossning\/del-1-for-tidigt-fodda-barn-och-neonatalavdelningen\/#breadcrumb"},"inLanguage":"da-DK","potentialAction":[{"@type":"ReadAction","target":["https:\/\/webstaging.babyjourney.se\/forlossning\/del-1-for-tidigt-fodda-barn-och-neonatalavdelningen\/"]}]},{"@type":"ImageObject","inLanguage":"da-DK","@id":"https:\/\/webstaging.babyjourney.se\/forlossning\/del-1-for-tidigt-fodda-barn-och-neonatalavdelningen\/#primaryimage","url":"https:\/\/webstaging.babyjourney.se\/wp-content\/uploads\/2022\/02\/newborn-1.png","contentUrl":"https:\/\/webstaging.babyjourney.se\/wp-content\/uploads\/2022\/02\/newborn-1.png","width":800,"height":600,"caption":"f\u00f6r tidigt f\u00f6dda barn"},{"@type":"BreadcrumbList","@id":"https:\/\/webstaging.babyjourney.se\/forlossning\/del-1-for-tidigt-fodda-barn-och-neonatalavdelningen\/#breadcrumb","itemListElement":[{"@type":"ListItem","position":1,"name":"Home","item":"https:\/\/webstaging.babyjourney.se\/"},{"@type":"ListItem","position":2,"name":"Del 1: F\u00f6r tidigt f\u00f6dda barn &#038; Neonatalv\u00e5rd"}]},{"@type":"WebSite","@id":"https:\/\/webstaging.babyjourney.se\/#website","url":"https:\/\/webstaging.babyjourney.se\/","name":"Baby Journey","description":"Graviditetsappen Baby Journey er designet til at reducere ensomhed under graviditeten og \u00f8ge f\u00f8lelsen af at h\u00f8re til blandt gravide kvinder og partnere.","potentialAction":[{"@type":"SearchAction","target":{"@type":"EntryPoint","urlTemplate":"https:\/\/webstaging.babyjourney.se\/?s={search_term_string}"},"query-input":{"@type":"PropertyValueSpecification","valueRequired":true,"valueName":"search_term_string"}}],"inLanguage":"da-DK"},{"@type":"Person","@id":"https:\/\/webstaging.babyjourney.se\/#\/schema\/person\/43e4b682dd88bf6e0f3afdca7b0feb92","name":"malin@babyjourney.se","image":{"@type":"ImageObject","inLanguage":"da-DK","@id":"https:\/\/secure.gravatar.com\/avatar\/8c2dc2b902ffc46d191b1208f5844a2c4fe24f739a33b0f346429fc559954f47?s=96&d=mm&r=g","url":"https:\/\/secure.gravatar.com\/avatar\/8c2dc2b902ffc46d191b1208f5844a2c4fe24f739a33b0f346429fc559954f47?s=96&d=mm&r=g","contentUrl":"https:\/\/secure.gravatar.com\/avatar\/8c2dc2b902ffc46d191b1208f5844a2c4fe24f739a33b0f346429fc559954f47?s=96&d=mm&r=g","caption":"malin@babyjourney.se"},"url":"https:\/\/webstaging.babyjourney.se\/dk\/author\/malinbabyjourney-se\/"}]}},"_links":{"self":[{"href":"https:\/\/webstaging.babyjourney.se\/dk\/wp-json\/wp\/v2\/posts\/1061","targetHints":{"allow":["GET"]}}],"collection":[{"href":"https:\/\/webstaging.babyjourney.se\/dk\/wp-json\/wp\/v2\/posts"}],"about":[{"href":"https:\/\/webstaging.babyjourney.se\/dk\/wp-json\/wp\/v2\/types\/post"}],"author":[{"embeddable":true,"href":"https:\/\/webstaging.babyjourney.se\/dk\/wp-json\/wp\/v2\/users\/4"}],"replies":[{"embeddable":true,"href":"https:\/\/webstaging.babyjourney.se\/dk\/wp-json\/wp\/v2\/comments?post=1061"}],"version-history":[{"count":11,"href":"https:\/\/webstaging.babyjourney.se\/dk\/wp-json\/wp\/v2\/posts\/1061\/revisions"}],"predecessor-version":[{"id":66442,"href":"https:\/\/webstaging.babyjourney.se\/dk\/wp-json\/wp\/v2\/posts\/1061\/revisions\/66442"}],"wp:featuredmedia":[{"embeddable":true,"href":"https:\/\/webstaging.babyjourney.se\/dk\/wp-json\/wp\/v2\/media\/1060"}],"wp:attachment":[{"href":"https:\/\/webstaging.babyjourney.se\/dk\/wp-json\/wp\/v2\/media?parent=1061"}],"wp:term":[{"taxonomy":"category","embeddable":true,"href":"https:\/\/webstaging.babyjourney.se\/dk\/wp-json\/wp\/v2\/categories?post=1061"},{"taxonomy":"post_tag","embeddable":true,"href":"https:\/\/webstaging.babyjourney.se\/dk\/wp-json\/wp\/v2\/tags?post=1061"}],"curies":[{"name":"wp","href":"https:\/\/api.w.org\/{rel}","templated":true}]}}