
{"id":1066,"date":"2022-03-08T13:56:54","date_gmt":"2022-03-08T12:56:54","guid":{"rendered":"https:\/\/babyjourney.se\/?p=1066"},"modified":"2025-10-14T15:50:34","modified_gmt":"2025-10-14T13:50:34","slug":"del-3-foring-i-uge-28-31","status":"publish","type":"post","link":"https:\/\/webstaging.babyjourney.se\/dk\/forlossning\/del-3-fodd-i-vecka-28-31\/","title":{"rendered":"Del 3: Babyer f\u00f8dt i uge 28-31"},"content":{"rendered":"<p><em>Bekr\u00e6ftet og anmeldt af: Jordemoder Maria Midstam<\/em><\/p>\n<p><strong>I denne serie i fem dele kan du l\u00e6se om for tidligt f\u00f8dte b\u00f8rn og neonatalafdelingen.<\/strong><\/p>\n<h2 data-start=\"394\" data-end=\"421\">Hjernens udvikling<\/h2>\n<p data-start=\"423\" data-end=\"670\">I uge 28-31 forts\u00e6tter hjernen med at vokse hurtigt. <strong data-start=\"477\" data-end=\"533\">Nerveceller har nu en beskyttende fedtkappe (myelin)<\/strong> hvilket g\u00f8r det muligt for hjerneimpulser at bev\u00e6ge sig mere effektivt.<br data-start=\"587\" data-end=\"590\" \/>Denne udvikling <strong data-start=\"607\" data-end=\"622\">accelererer<\/strong> i perioden op til den forventede f\u00f8dselsdato.<\/p>\n<ul>\n<li data-start=\"674\" data-end=\"758\"><strong data-start=\"674\" data-end=\"693\">Hjerneaktivitet:<\/strong> Aktiviteten sker i cyklusser, is\u00e6r under dr\u00f8mmes\u00f8vn (REM-s\u00f8vn).<\/li>\n<li data-start=\"674\" data-end=\"758\"><strong data-start=\"761\" data-end=\"782\">Dr\u00f8mmes\u00f8vnens rolle:<\/strong> Vigtigt for at udvikle sanserne.<\/li>\n<li data-start=\"674\" data-end=\"758\"><strong data-start=\"820\" data-end=\"841\">Den dybe s\u00f8vns rolle:<\/strong> Betyder meget for indl\u00e6ringsevnen.<\/li>\n<li data-start=\"674\" data-end=\"758\"><strong data-start=\"884\" data-end=\"901\">\u00d8jenbev\u00e6gelser:<\/strong> Under s\u00f8vnen ses hurtige bev\u00e6gelser bag de lukkede \u00f8jenl\u00e5g.<\/li>\n<\/ul>\n<p data-start=\"965\" data-end=\"1074\">Barnet reagerer allerede p\u00e5 <strong data-start=\"993\" data-end=\"1014\">lavfrekvente lyde<\/strong> og kan genkende <strong data-start=\"1032\" data-end=\"1071\">om en stemme er mandlig eller kvindelig<\/strong>.<\/p>\n<h2 data-start=\"1081\" data-end=\"1105\">Sensorisk udvikling<\/h2>\n<ul>\n<li><strong data-start=\"1109\" data-end=\"1117\">Syn:<\/strong> \u00d8jnene er stadig umodne og kan endnu ikke fuldt ud regulere lyset til nethinden.<\/li>\n<li><strong data-start=\"1207\" data-end=\"1216\">Smag:<\/strong> Barnet kan skelne mellem <strong data-start=\"1242\" data-end=\"1249\">s\u00f8d<\/strong> og <strong data-start=\"1254\" data-end=\"1261\">p\u00e5<\/strong> smag.<\/li>\n<li><strong data-start=\"1640\" data-end=\"1652\">Motoriske f\u00e6rdigheder:<\/strong> Bev\u00e6gelserne er stadig rykvise og reflektoriske.<\/li>\n<li><strong data-start=\"1710\" data-end=\"1725\">Selvtr\u00f8st:<\/strong> Barnet fors\u00f8ger at tr\u00f8ste sig selv ved at tage h\u00e5nden til munden, sutte p\u00e5 en sut eller gribe fat i noget t\u00e6t p\u00e5.<\/li>\n<\/ul>\n<p data-start=\"1473\" data-end=\"1564\">Disse bev\u00e6gelser er vigtige tegn p\u00e5 barnets stigende selvregulering og udviklingsevne.<\/p>\n<h2 data-start=\"1571\" data-end=\"1602\">\u00c5ndedr\u00e6t og kredsl\u00f8b<\/h2>\n<p data-start=\"1604\" data-end=\"1863\">Lungerne er stadig <strong data-start=\"1621\" data-end=\"1631\">umoden<\/strong> og har ofte brug for st\u00f8tte for at kunne tr\u00e6kke vejret dybt og effektivt.<br data-start=\"1718\" data-end=\"1721\" \/>De mest almindelige er <strong data-start=\"1734\" data-end=\"1753\">CPAP-behandling<\/strong>, hvor barnet tr\u00e6kker vejret mod en let modstand, der hj\u00e6lper med at \u00e5bne lufts\u00e6kkene og forbedre iltoptagelsen.<\/p>\n<p data-start=\"1865\" data-end=\"1988\">Barnet kan stadig have <strong data-start=\"1891\" data-end=\"1935\">vanskeligheder med at regulere hjerterytme og vejrtr\u00e6kning<\/strong>, som overv\u00e5ges n\u00f8je p\u00e5 neonatalafdelingen.<\/p>\n<section class=\"answer-blocks\">\n<section class=\"answer-blocks\">\n<h2>Hurtige reaktioner<\/h2>\n<article class=\"answer-item\">\n<h3>Udvikling:<\/h3>\n<p>Hjernens forbindelser styrkes, og dr\u00f8mmes\u00f8vnen spiller en central rolle i udviklingen af sanser og indl\u00e6ring.<\/p>\n<\/article>\n<article class=\"answer-item\">\n<h3>Sensorisk input:<\/h3>\n<p>Barnet reagerer p\u00e5 stemmer, genkender s\u00f8de og sure smage og fors\u00f8ger at tr\u00f8ste sig selv med sutte- eller gribebev\u00e6gelser.<\/p>\n<\/article>\n<article class=\"answer-item\">\n<h3>\u00c5ndedr\u00e6t:<\/h3>\n<p>Lungerne har ofte brug for st\u00f8tte med CPAP for at holde lufts\u00e6kkene \u00e5bne.<\/p>\n<\/article>\n<article class=\"answer-item\">\n<h3>Pulsregulering:<\/h3>\n<p>Barnet kan have uregelm\u00e6ssig vejrtr\u00e6kning og hjerterytme, hvilket kr\u00e6ver overv\u00e5gning.<\/p>\n<\/article>\n<article class=\"answer-item\">\n<h3>Sikkerhed og tryghed:<\/h3>\n<p>N\u00e6rhed, d\u00e6mpet lys og et roligt milj\u00f8 fremmer barnets modning.<\/p>\n<\/article>\n<\/section>\n<\/section>","protected":false},"excerpt":{"rendered":"<p>Verifierat och granskat av: Barnmorska Maria Midstam I denna artikelserie om fem delar kommer du att kunna l\u00e4sa om f\u00f6r tidigt f\u00f6dda barn och neonatalavdelningen. Hj\u00e4rnans utveckling Under vecka 28\u201331 forts\u00e4tter hj\u00e4rnan att v\u00e4xa snabbt. Nervcellerna f\u00e5r nu ett skyddande&hellip;<\/p>","protected":false},"author":4,"featured_media":1060,"comment_status":"closed","ping_status":"open","sticky":false,"template":"","format":"standard","meta":{"_acf_changed":false,"footnotes":""},"categories":[3],"tags":[],"class_list":["post-1066","post","type-post","status-publish","format-standard","has-post-thumbnail","hentry","category-forlossning"],"acf":[],"yoast_head":"<!-- This site is optimized with the Yoast SEO plugin v28.0 - https:\/\/yoast.com\/product\/yoast-seo-wordpress\/ -->\n<title>Del 3: Bebisar f\u00f6dda i vecka 28-31 | Baby Journey<\/title>\n<meta name=\"description\" content=\"Hj\u00e4rnans utveckling forts\u00e4tter och omkring nervcellerna bildas nu ett isolerande fetth\u00f6lje som m\u00f6jligg\u00f6r f\u00f6r hj\u00e4rnans impulser att f\u00e4rdas\" \/>\n<meta name=\"robots\" content=\"index, follow, max-snippet:-1, max-image-preview:large, max-video-preview:-1\" \/>\n<link rel=\"canonical\" href=\"https:\/\/webstaging.babyjourney.se\/dk\/fodsel\/del-3-foring-i-uge-28-31\/\" \/>\n<meta property=\"og:locale\" content=\"da_DK\" \/>\n<meta property=\"og:type\" content=\"article\" \/>\n<meta property=\"og:title\" content=\"Del 3: Bebisar f\u00f6dda i vecka 28-31 | Baby Journey\" \/>\n<meta property=\"og:description\" content=\"Hj\u00e4rnans utveckling forts\u00e4tter och omkring nervcellerna bildas nu ett isolerande fetth\u00f6lje som m\u00f6jligg\u00f6r f\u00f6r hj\u00e4rnans impulser att f\u00e4rdas\" \/>\n<meta property=\"og:url\" content=\"https:\/\/webstaging.babyjourney.se\/dk\/fodsel\/del-3-foring-i-uge-28-31\/\" \/>\n<meta property=\"og:site_name\" content=\"Baby Journey\" \/>\n<meta property=\"article:published_time\" content=\"2022-03-08T12:56:54+00:00\" \/>\n<meta property=\"article:modified_time\" content=\"2025-10-14T13:50:34+00:00\" \/>\n<meta property=\"og:image\" content=\"https:\/\/webstaging.babyjourney.se\/wp-content\/uploads\/2022\/02\/newborn-1.png\" \/>\n\t<meta property=\"og:image:width\" content=\"800\" \/>\n\t<meta property=\"og:image:height\" content=\"600\" \/>\n\t<meta property=\"og:image:type\" content=\"image\/png\" \/>\n<meta name=\"author\" content=\"malin@babyjourney.se\" \/>\n<meta name=\"twitter:card\" content=\"summary_large_image\" \/>\n<meta name=\"twitter:label1\" content=\"Written by\" \/>\n\t<meta name=\"twitter:data1\" content=\"malin@babyjourney.se\" \/>\n\t<meta name=\"twitter:label2\" content=\"Est. reading time\" \/>\n\t<meta name=\"twitter:data2\" content=\"2 minutes\" \/>\n<script type=\"application\/ld+json\" class=\"yoast-schema-graph\">{\"@context\":\"https:\\\/\\\/schema.org\",\"@graph\":[{\"@type\":\"Article\",\"@id\":\"https:\\\/\\\/webstaging.babyjourney.se\\\/forlossning\\\/del-3-fodd-i-vecka-28-31\\\/#article\",\"isPartOf\":{\"@id\":\"https:\\\/\\\/webstaging.babyjourney.se\\\/forlossning\\\/del-3-fodd-i-vecka-28-31\\\/\"},\"author\":{\"name\":\"malin@babyjourney.se\",\"@id\":\"https:\\\/\\\/webstaging.babyjourney.se\\\/#\\\/schema\\\/person\\\/43e4b682dd88bf6e0f3afdca7b0feb92\"},\"headline\":\"Del 3: Bebisar f\u00f6dda i vecka 28-31\",\"datePublished\":\"2022-03-08T12:56:54+00:00\",\"dateModified\":\"2025-10-14T13:50:34+00:00\",\"mainEntityOfPage\":{\"@id\":\"https:\\\/\\\/webstaging.babyjourney.se\\\/forlossning\\\/del-3-fodd-i-vecka-28-31\\\/\"},\"wordCount\":391,\"image\":{\"@id\":\"https:\\\/\\\/webstaging.babyjourney.se\\\/forlossning\\\/del-3-fodd-i-vecka-28-31\\\/#primaryimage\"},\"thumbnailUrl\":\"https:\\\/\\\/webstaging.babyjourney.se\\\/wp-content\\\/uploads\\\/2022\\\/02\\\/newborn-1.png\",\"articleSection\":[\"F\u00f6rlossning\"],\"inLanguage\":\"da-DK\"},{\"@type\":\"WebPage\",\"@id\":\"https:\\\/\\\/webstaging.babyjourney.se\\\/forlossning\\\/del-3-fodd-i-vecka-28-31\\\/\",\"url\":\"https:\\\/\\\/webstaging.babyjourney.se\\\/forlossning\\\/del-3-fodd-i-vecka-28-31\\\/\",\"name\":\"Del 3: Bebisar f\u00f6dda i vecka 28-31 | Baby Journey\",\"isPartOf\":{\"@id\":\"https:\\\/\\\/webstaging.babyjourney.se\\\/#website\"},\"primaryImageOfPage\":{\"@id\":\"https:\\\/\\\/webstaging.babyjourney.se\\\/forlossning\\\/del-3-fodd-i-vecka-28-31\\\/#primaryimage\"},\"image\":{\"@id\":\"https:\\\/\\\/webstaging.babyjourney.se\\\/forlossning\\\/del-3-fodd-i-vecka-28-31\\\/#primaryimage\"},\"thumbnailUrl\":\"https:\\\/\\\/webstaging.babyjourney.se\\\/wp-content\\\/uploads\\\/2022\\\/02\\\/newborn-1.png\",\"datePublished\":\"2022-03-08T12:56:54+00:00\",\"dateModified\":\"2025-10-14T13:50:34+00:00\",\"author\":{\"@id\":\"https:\\\/\\\/webstaging.babyjourney.se\\\/#\\\/schema\\\/person\\\/43e4b682dd88bf6e0f3afdca7b0feb92\"},\"description\":\"Hj\u00e4rnans utveckling forts\u00e4tter och omkring nervcellerna bildas nu ett isolerande fetth\u00f6lje som m\u00f6jligg\u00f6r f\u00f6r hj\u00e4rnans impulser att f\u00e4rdas\",\"breadcrumb\":{\"@id\":\"https:\\\/\\\/webstaging.babyjourney.se\\\/forlossning\\\/del-3-fodd-i-vecka-28-31\\\/#breadcrumb\"},\"inLanguage\":\"da-DK\",\"potentialAction\":[{\"@type\":\"ReadAction\",\"target\":[\"https:\\\/\\\/webstaging.babyjourney.se\\\/forlossning\\\/del-3-fodd-i-vecka-28-31\\\/\"]}]},{\"@type\":\"ImageObject\",\"inLanguage\":\"da-DK\",\"@id\":\"https:\\\/\\\/webstaging.babyjourney.se\\\/forlossning\\\/del-3-fodd-i-vecka-28-31\\\/#primaryimage\",\"url\":\"https:\\\/\\\/webstaging.babyjourney.se\\\/wp-content\\\/uploads\\\/2022\\\/02\\\/newborn-1.png\",\"contentUrl\":\"https:\\\/\\\/webstaging.babyjourney.se\\\/wp-content\\\/uploads\\\/2022\\\/02\\\/newborn-1.png\",\"width\":800,\"height\":600,\"caption\":\"f\u00f6r tidigt f\u00f6dda barn\"},{\"@type\":\"BreadcrumbList\",\"@id\":\"https:\\\/\\\/webstaging.babyjourney.se\\\/forlossning\\\/del-3-fodd-i-vecka-28-31\\\/#breadcrumb\",\"itemListElement\":[{\"@type\":\"ListItem\",\"position\":1,\"name\":\"Home\",\"item\":\"https:\\\/\\\/webstaging.babyjourney.se\\\/\"},{\"@type\":\"ListItem\",\"position\":2,\"name\":\"Del 3: Bebisar f\u00f6dda i vecka 28-31\"}]},{\"@type\":\"WebSite\",\"@id\":\"https:\\\/\\\/webstaging.babyjourney.se\\\/#website\",\"url\":\"https:\\\/\\\/webstaging.babyjourney.se\\\/\",\"name\":\"Baby Journey\",\"description\":\"Baby Journey Gravidapp \u00e4r framtagen f\u00f6r att minska ensamheten under en graviditet och \u00f6ka samh\u00f6righeten bland gravida kvinnor och partners.\",\"potentialAction\":[{\"@type\":\"SearchAction\",\"target\":{\"@type\":\"EntryPoint\",\"urlTemplate\":\"https:\\\/\\\/webstaging.babyjourney.se\\\/?s={search_term_string}\"},\"query-input\":{\"@type\":\"PropertyValueSpecification\",\"valueRequired\":true,\"valueName\":\"search_term_string\"}}],\"inLanguage\":\"da-DK\"},{\"@type\":\"Person\",\"@id\":\"https:\\\/\\\/webstaging.babyjourney.se\\\/#\\\/schema\\\/person\\\/43e4b682dd88bf6e0f3afdca7b0feb92\",\"name\":\"malin@babyjourney.se\",\"image\":{\"@type\":\"ImageObject\",\"inLanguage\":\"da-DK\",\"@id\":\"https:\\\/\\\/secure.gravatar.com\\\/avatar\\\/8c2dc2b902ffc46d191b1208f5844a2c4fe24f739a33b0f346429fc559954f47?s=96&d=mm&r=g\",\"url\":\"https:\\\/\\\/secure.gravatar.com\\\/avatar\\\/8c2dc2b902ffc46d191b1208f5844a2c4fe24f739a33b0f346429fc559954f47?s=96&d=mm&r=g\",\"contentUrl\":\"https:\\\/\\\/secure.gravatar.com\\\/avatar\\\/8c2dc2b902ffc46d191b1208f5844a2c4fe24f739a33b0f346429fc559954f47?s=96&d=mm&r=g\",\"caption\":\"malin@babyjourney.se\"},\"url\":\"https:\\\/\\\/webstaging.babyjourney.se\\\/dk\\\/author\\\/malinbabyjourney-se\\\/\"}]}<\/script>\n<!-- \/ Yoast SEO plugin. -->","yoast_head_json":{"title":"Del 3: Babyer f\u00f8dt i uge 28-31 | Baby Journey","description":"Hjernen forts\u00e6tter med at udvikle sig, og der dannes nu et isolerende fedtlag omkring nervecellerne, s\u00e5 hjernens impulser kan bev\u00e6ge sig.","robots":{"index":"index","follow":"follow","max-snippet":"max-snippet:-1","max-image-preview":"max-image-preview:large","max-video-preview":"max-video-preview:-1"},"canonical":"https:\/\/webstaging.babyjourney.se\/dk\/fodsel\/del-3-foring-i-uge-28-31\/","og_locale":"da_DK","og_type":"article","og_title":"Del 3: Bebisar f\u00f6dda i vecka 28-31 | Baby Journey","og_description":"Hj\u00e4rnans utveckling forts\u00e4tter och omkring nervcellerna bildas nu ett isolerande fetth\u00f6lje som m\u00f6jligg\u00f6r f\u00f6r hj\u00e4rnans impulser att f\u00e4rdas","og_url":"https:\/\/webstaging.babyjourney.se\/dk\/fodsel\/del-3-foring-i-uge-28-31\/","og_site_name":"Baby Journey","article_published_time":"2022-03-08T12:56:54+00:00","article_modified_time":"2025-10-14T13:50:34+00:00","og_image":[{"width":800,"height":600,"url":"https:\/\/webstaging.babyjourney.se\/wp-content\/uploads\/2022\/02\/newborn-1.png","type":"image\/png"}],"author":"malin@babyjourney.se","twitter_card":"summary_large_image","twitter_misc":{"Written by":"malin@babyjourney.se","Est. reading time":"2 minutes"},"schema":{"@context":"https:\/\/schema.org","@graph":[{"@type":"Article","@id":"https:\/\/webstaging.babyjourney.se\/forlossning\/del-3-fodd-i-vecka-28-31\/#article","isPartOf":{"@id":"https:\/\/webstaging.babyjourney.se\/forlossning\/del-3-fodd-i-vecka-28-31\/"},"author":{"name":"malin@babyjourney.se","@id":"https:\/\/webstaging.babyjourney.se\/#\/schema\/person\/43e4b682dd88bf6e0f3afdca7b0feb92"},"headline":"Del 3: Bebisar f\u00f6dda i vecka 28-31","datePublished":"2022-03-08T12:56:54+00:00","dateModified":"2025-10-14T13:50:34+00:00","mainEntityOfPage":{"@id":"https:\/\/webstaging.babyjourney.se\/forlossning\/del-3-fodd-i-vecka-28-31\/"},"wordCount":391,"image":{"@id":"https:\/\/webstaging.babyjourney.se\/forlossning\/del-3-fodd-i-vecka-28-31\/#primaryimage"},"thumbnailUrl":"https:\/\/webstaging.babyjourney.se\/wp-content\/uploads\/2022\/02\/newborn-1.png","articleSection":["F\u00f6rlossning"],"inLanguage":"da-DK"},{"@type":"WebPage","@id":"https:\/\/webstaging.babyjourney.se\/forlossning\/del-3-fodd-i-vecka-28-31\/","url":"https:\/\/webstaging.babyjourney.se\/forlossning\/del-3-fodd-i-vecka-28-31\/","name":"Del 3: Babyer f\u00f8dt i uge 28-31 | Baby Journey","isPartOf":{"@id":"https:\/\/webstaging.babyjourney.se\/#website"},"primaryImageOfPage":{"@id":"https:\/\/webstaging.babyjourney.se\/forlossning\/del-3-fodd-i-vecka-28-31\/#primaryimage"},"image":{"@id":"https:\/\/webstaging.babyjourney.se\/forlossning\/del-3-fodd-i-vecka-28-31\/#primaryimage"},"thumbnailUrl":"https:\/\/webstaging.babyjourney.se\/wp-content\/uploads\/2022\/02\/newborn-1.png","datePublished":"2022-03-08T12:56:54+00:00","dateModified":"2025-10-14T13:50:34+00:00","author":{"@id":"https:\/\/webstaging.babyjourney.se\/#\/schema\/person\/43e4b682dd88bf6e0f3afdca7b0feb92"},"description":"Hjernen forts\u00e6tter med at udvikle sig, og der dannes nu et isolerende fedtlag omkring nervecellerne, s\u00e5 hjernens impulser kan bev\u00e6ge sig.","breadcrumb":{"@id":"https:\/\/webstaging.babyjourney.se\/forlossning\/del-3-fodd-i-vecka-28-31\/#breadcrumb"},"inLanguage":"da-DK","potentialAction":[{"@type":"ReadAction","target":["https:\/\/webstaging.babyjourney.se\/forlossning\/del-3-fodd-i-vecka-28-31\/"]}]},{"@type":"ImageObject","inLanguage":"da-DK","@id":"https:\/\/webstaging.babyjourney.se\/forlossning\/del-3-fodd-i-vecka-28-31\/#primaryimage","url":"https:\/\/webstaging.babyjourney.se\/wp-content\/uploads\/2022\/02\/newborn-1.png","contentUrl":"https:\/\/webstaging.babyjourney.se\/wp-content\/uploads\/2022\/02\/newborn-1.png","width":800,"height":600,"caption":"f\u00f6r tidigt f\u00f6dda barn"},{"@type":"BreadcrumbList","@id":"https:\/\/webstaging.babyjourney.se\/forlossning\/del-3-fodd-i-vecka-28-31\/#breadcrumb","itemListElement":[{"@type":"ListItem","position":1,"name":"Home","item":"https:\/\/webstaging.babyjourney.se\/"},{"@type":"ListItem","position":2,"name":"Del 3: Bebisar f\u00f6dda i vecka 28-31"}]},{"@type":"WebSite","@id":"https:\/\/webstaging.babyjourney.se\/#website","url":"https:\/\/webstaging.babyjourney.se\/","name":"Baby Journey","description":"Graviditetsappen Baby Journey er designet til at reducere ensomhed under graviditeten og \u00f8ge f\u00f8lelsen af at h\u00f8re til blandt gravide kvinder og partnere.","potentialAction":[{"@type":"SearchAction","target":{"@type":"EntryPoint","urlTemplate":"https:\/\/webstaging.babyjourney.se\/?s={search_term_string}"},"query-input":{"@type":"PropertyValueSpecification","valueRequired":true,"valueName":"search_term_string"}}],"inLanguage":"da-DK"},{"@type":"Person","@id":"https:\/\/webstaging.babyjourney.se\/#\/schema\/person\/43e4b682dd88bf6e0f3afdca7b0feb92","name":"malin@babyjourney.se","image":{"@type":"ImageObject","inLanguage":"da-DK","@id":"https:\/\/secure.gravatar.com\/avatar\/8c2dc2b902ffc46d191b1208f5844a2c4fe24f739a33b0f346429fc559954f47?s=96&d=mm&r=g","url":"https:\/\/secure.gravatar.com\/avatar\/8c2dc2b902ffc46d191b1208f5844a2c4fe24f739a33b0f346429fc559954f47?s=96&d=mm&r=g","contentUrl":"https:\/\/secure.gravatar.com\/avatar\/8c2dc2b902ffc46d191b1208f5844a2c4fe24f739a33b0f346429fc559954f47?s=96&d=mm&r=g","caption":"malin@babyjourney.se"},"url":"https:\/\/webstaging.babyjourney.se\/dk\/author\/malinbabyjourney-se\/"}]}},"_links":{"self":[{"href":"https:\/\/webstaging.babyjourney.se\/dk\/wp-json\/wp\/v2\/posts\/1066","targetHints":{"allow":["GET"]}}],"collection":[{"href":"https:\/\/webstaging.babyjourney.se\/dk\/wp-json\/wp\/v2\/posts"}],"about":[{"href":"https:\/\/webstaging.babyjourney.se\/dk\/wp-json\/wp\/v2\/types\/post"}],"author":[{"embeddable":true,"href":"https:\/\/webstaging.babyjourney.se\/dk\/wp-json\/wp\/v2\/users\/4"}],"replies":[{"embeddable":true,"href":"https:\/\/webstaging.babyjourney.se\/dk\/wp-json\/wp\/v2\/comments?post=1066"}],"version-history":[{"count":7,"href":"https:\/\/webstaging.babyjourney.se\/dk\/wp-json\/wp\/v2\/posts\/1066\/revisions"}],"predecessor-version":[{"id":66440,"href":"https:\/\/webstaging.babyjourney.se\/dk\/wp-json\/wp\/v2\/posts\/1066\/revisions\/66440"}],"wp:featuredmedia":[{"embeddable":true,"href":"https:\/\/webstaging.babyjourney.se\/dk\/wp-json\/wp\/v2\/media\/1060"}],"wp:attachment":[{"href":"https:\/\/webstaging.babyjourney.se\/dk\/wp-json\/wp\/v2\/media?parent=1066"}],"wp:term":[{"taxonomy":"category","embeddable":true,"href":"https:\/\/webstaging.babyjourney.se\/dk\/wp-json\/wp\/v2\/categories?post=1066"},{"taxonomy":"post_tag","embeddable":true,"href":"https:\/\/webstaging.babyjourney.se\/dk\/wp-json\/wp\/v2\/tags?post=1066"}],"curies":[{"name":"wp","href":"https:\/\/api.w.org\/{rel}","templated":true}]}}