
{"id":1244,"date":"2022-03-09T15:49:39","date_gmt":"2022-03-09T14:49:39","guid":{"rendered":"https:\/\/babyjourney.se\/?p=1244"},"modified":"2022-09-16T14:53:02","modified_gmt":"2022-09-16T12:53:02","slug":"interview-med-tvillingemor-hanna","status":"publish","type":"post","link":"https:\/\/webstaging.babyjourney.se\/dk\/tvillingar\/intervju-med-tvillingmamman-hanna\/","title":{"rendered":"Interview med tvillingemor Hanna"},"content":{"rendered":"<p><strong>Du har n\u00e6sten v\u00e6ret mor i et \u00e5r til dine tvillingepiger - TILLYKKE! Hvordan f\u00f8les det?<\/strong><br \/>\n\u00c5h, TAK! Det f\u00f8les helt uvirkeligt, og ligesom jeg tror, de fleste for\u00e6ldre f\u00f8ler det; det er g\u00e5et s\u00e5 hurtigt! Jeg har f\u00f8lt mig s\u00e5 utrolig taknemmelig og glad i \u00e5r, men det har ogs\u00e5 v\u00e6ret overv\u00e6ldende at g\u00e5 fra to til fire.<\/p>\n<p><strong>Du har en\u00e6ggede tvillinger, hvorn\u00e5r i din graviditet fandt du ud af, at der var mere end \u00e9n baby i din mave? Hvilke f\u00f8lelser kom op?<\/strong><br \/>\nJeg fandt ud af, at det var tvillinger under min f\u00f8rste ultralydsscanning. F\u00f8r jordemoderen kunne sige noget, s\u00e5 jeg tydeligt to hoveder n\u00e6sten med det samme og udbr\u00f8d \"Der er to der!\". Jeg m\u00e5tte ogs\u00e5 fort\u00e6lle det til Johannes (min partner) via FaceTime, og jeg troede, at billedet sad fast p\u00e5 min telefon. Vi var begge s\u00e5 chokerede! De f\u00f8rste par dage f\u00f8lte jeg mig meget nerv\u00f8s, fordi jeg vidste s\u00e5 lidt. Hvor stor og tung ville min mave blive? Hvordan vil jeg v\u00e6re i stand til at f\u00f8de to b\u00f8rn p\u00e5 \u00e9n gang? Kan jeg amme? Mange sp\u00f8rgsm\u00e5l, som jeg ikke kendte svarene p\u00e5, men med et par venner, der har tvillinger, og efter en masse kontakt med jordem\u00f8dre\/l\u00e6ger, blev jeg hurtigt rolig og kunne nyde det og gl\u00e6de mig over det p\u00e5 en anden m\u00e5de. Hvis bare jeg dengang havde vidst, hvor godt det hele ville blive!<\/p>\n<p><strong>Hvordan gik din graviditet?<\/strong><br \/>\nDesv\u00e6rre havde jeg en meget h\u00e5rd graviditet, og det ene f\u00f8rte til det andet. Det v\u00e6rste var kvalmen, som aldrig blev bedre, men jeg kastede op konstant i de 8 m\u00e5neder, jeg var gravid. Jeg kastede sikkert op i hver eneste skraldespand i byen. Jeg pr\u00f8vede at leve p\u00e5 de hyggelige stunder, jeg havde med min mave, n\u00e5r jeg f.eks. m\u00e6rkede dem begge sparke p\u00e5 samme tid. Det var fantastisk!<\/p>\n<p><strong>Var der noget, du savnede under din graviditet ved at vente tvillinger?<\/strong><br \/>\nJeg f\u00f8lte virkelig, at vi var i s\u00e5 sikre h\u00e6nder under hele graviditeten. Da jeg havde en 'h\u00f8jrisiko'-graviditet, gik jeg til ultralyd hver anden uge under hele graviditeten og fik altid svar p\u00e5 alle de sp\u00f8rgsm\u00e5l, jeg stillede.<\/p>\n<p><strong>Hvordan gik f\u00f8dslen?<\/strong><br \/>\nMin f\u00f8dsel var virkelig det fedeste, jeg nogensinde har oplevet, og det var s\u00e5dan en positiv oplevelse, selv om det selvf\u00f8lgelig var h\u00e5rdt at presse. Jeg blev sat i gang i uge 37 og havde forventet en lang proces, men alt gik relativt hurtigt, og jeg sagde \u00e5benbart til Johannes, at \"jeg vil g\u00f8re det igen\", lige da Alba (nummer 2) var ude. S\u00e5 til jer vordende tvillingem\u00f8dre, der ligesom mig var skr\u00e6kslagne: En tvillingef\u00f8dsel kan g\u00e5 rigtig godt og beh\u00f8ver ikke at v\u00e6re s\u00e5 smertefuld og h\u00e5rd, som I havde forestillet jer!<\/p>\n<p><strong>Hvordan er det f\u00f8rste \u00e5r som tvillingemor g\u00e5et? Hvad har v\u00e6ret sv\u00e6rest, og hvad har v\u00e6ret lettere, end du f\u00f8rst troede?<\/strong><br \/>\nS\u00e5 det har virkelig v\u00e6ret det mest fantastiske \u00e5r i mit liv. Jeg havde forestillet mig, at det ville v\u00e6re meget h\u00e5rdere, end jeg tror, det er at f\u00e5 tvillinger. Jeg har ikke noget andet at sammenligne med, men den dobbelte k\u00e6rlighed, man f\u00e5r tilbage hele tiden, vejer s\u00e5 meget mere. Jeg kan sidde og se p\u00e5 dem i evigheder, mens de leger og griner sammen, og det er utroligt at se deres k\u00e6rlighed til hinanden. Det, der er sv\u00e6rt, er, at jeg nogle gange f\u00f8ler mig utilstr\u00e6kkelig, for eksempel n\u00e5r de begge er kede af det og har brug for mine arme. Det er sv\u00e6rt at tr\u00f8ste to triste babyer p\u00e5 samme tid.<\/p>\n<p><strong>Hvad ville du \u00f8nske, at nogen havde fortalt dig under din graviditet om at vente tvillinger, og som du gerne vil fort\u00e6lle andre, der st\u00e5r i samme situation nu?<\/strong><br \/>\nVi har alle s\u00e5 forskellige erfaringer og f\u00f8lelser omkring tingene, men jeg ville \u00f8nske, at nogen kunne have forsikret mig om, at det ikke beh\u00f8ver at v\u00e6re s\u00e5 h\u00e5rdt, som man m\u00e5ske forestiller sig. At en vaginal f\u00f8dsel ikke beh\u00f8ver at v\u00e6re traumatisk, og at dobbelt amning ikke beh\u00f8ver at v\u00e6re s\u00e5 sv\u00e6rt. Men ogs\u00e5 at turde bede om hj\u00e6lp og st\u00f8tte fra familie og venner.<\/p>\n<p><em>Hanna Uggla er mor til tvillingerne Mila og Alba. Pigerne blev f\u00f8dt den 2. marts 2021, efter at Hanna havde f\u00e5et veer i uge 37. Du kan finde hendes instagram\u00a0<strong><a href=\"https:\/\/www.google.com\/search?q=(https%3A%2F%2Fwww.instagram.com%2Fhannauggla%2F)&amp;oq=(https%3A%2F%2Fwww.instagram.com%2Fhannauggla%2F)&amp;aqs=chrome.0.69i59.789j0j7&amp;sourceid=chrome&amp;ie=UTF-8\">her.<\/a><\/strong><\/em><\/p>\n<p>&nbsp;<\/p>","protected":false},"excerpt":{"rendered":"<p>Du har snart varit mamma i ett \u00e5r till dina tvillingflickor &#8211; GRATTIS! Hur k\u00e4nns det? \u00c5h TACK! Det k\u00e4nns helt overkligt och precis som jag tror att de flesta f\u00f6r\u00e4ldrar k\u00e4nner; det har g\u00e5tt s\u00e5 fort! Jag har k\u00e4nt&hellip;<\/p>","protected":false},"author":4,"featured_media":1298,"comment_status":"closed","ping_status":"open","sticky":false,"template":"","format":"standard","meta":{"_acf_changed":false,"footnotes":""},"categories":[13],"tags":[],"class_list":["post-1244","post","type-post","status-publish","format-standard","has-post-thumbnail","hentry","category-tvillingar"],"acf":[],"yoast_head":"<!-- This site is optimized with the Yoast SEO plugin v27.2 - https:\/\/yoast.com\/product\/yoast-seo-wordpress\/ -->\n<title>Intervju med tvillingmamman Hanna | Baby Journey<\/title>\n<meta name=\"description\" content=\"Intervju med tvillingmamma Hanna. Fr\u00e5gor om hur det \u00e4r att ha tvillingar, om k\u00e4nslorna inf\u00f6r att f\u00e5 tvillingar, om graviditeten och om f\u00f6rlossningen.\" \/>\n<meta name=\"robots\" content=\"index, follow, max-snippet:-1, max-image-preview:large, max-video-preview:-1\" \/>\n<link rel=\"canonical\" href=\"https:\/\/webstaging.babyjourney.se\/dk\/tvillinger\/interview-med-tvillingemor-hanna\/\" \/>\n<meta property=\"og:locale\" content=\"da_DK\" \/>\n<meta property=\"og:type\" content=\"article\" \/>\n<meta property=\"og:title\" content=\"Intervju med tvillingmamman Hanna | Baby Journey\" \/>\n<meta property=\"og:description\" content=\"Intervju med tvillingmamma Hanna. Fr\u00e5gor om hur det \u00e4r att ha tvillingar, om k\u00e4nslorna inf\u00f6r att f\u00e5 tvillingar, om graviditeten och om f\u00f6rlossningen.\" \/>\n<meta property=\"og:url\" content=\"https:\/\/webstaging.babyjourney.se\/dk\/tvillinger\/interview-med-tvillingemor-hanna\/\" \/>\n<meta property=\"og:site_name\" content=\"Baby Journey\" \/>\n<meta property=\"article:published_time\" content=\"2022-03-09T14:49:39+00:00\" \/>\n<meta property=\"article:modified_time\" content=\"2022-09-16T12:53:02+00:00\" \/>\n<meta property=\"og:image\" content=\"https:\/\/webstaging.babyjourney.se\/wp-content\/uploads\/2022\/03\/intervju-tvillingmamma-artikel.png\" \/>\n\t<meta property=\"og:image:width\" content=\"941\" \/>\n\t<meta property=\"og:image:height\" content=\"706\" \/>\n\t<meta property=\"og:image:type\" content=\"image\/png\" \/>\n<meta name=\"author\" content=\"malin@babyjourney.se\" \/>\n<meta name=\"twitter:card\" content=\"summary_large_image\" \/>\n<meta name=\"twitter:label1\" content=\"Written by\" \/>\n\t<meta name=\"twitter:data1\" content=\"malin@babyjourney.se\" \/>\n\t<meta name=\"twitter:label2\" content=\"Est. reading time\" \/>\n\t<meta name=\"twitter:data2\" content=\"4 minutes\" \/>\n<script type=\"application\/ld+json\" class=\"yoast-schema-graph\">{\"@context\":\"https:\/\/schema.org\",\"@graph\":[{\"@type\":\"Article\",\"@id\":\"https:\/\/webstaging.babyjourney.se\/tvillingar\/intervju-med-tvillingmamman-hanna\/#article\",\"isPartOf\":{\"@id\":\"https:\/\/webstaging.babyjourney.se\/tvillingar\/intervju-med-tvillingmamman-hanna\/\"},\"author\":{\"name\":\"malin@babyjourney.se\",\"@id\":\"https:\/\/webstaging.babyjourney.se\/#\/schema\/person\/43e4b682dd88bf6e0f3afdca7b0feb92\"},\"headline\":\"Intervju med tvillingmamman Hanna\",\"datePublished\":\"2022-03-09T14:49:39+00:00\",\"dateModified\":\"2022-09-16T12:53:02+00:00\",\"mainEntityOfPage\":{\"@id\":\"https:\/\/webstaging.babyjourney.se\/tvillingar\/intervju-med-tvillingmamman-hanna\/\"},\"wordCount\":790,\"image\":{\"@id\":\"https:\/\/webstaging.babyjourney.se\/tvillingar\/intervju-med-tvillingmamman-hanna\/#primaryimage\"},\"thumbnailUrl\":\"https:\/\/webstaging.babyjourney.se\/wp-content\/uploads\/2022\/03\/intervju-tvillingmamma-artikel.png\",\"articleSection\":[\"Tvillingar\"],\"inLanguage\":\"da-DK\"},{\"@type\":\"WebPage\",\"@id\":\"https:\/\/webstaging.babyjourney.se\/tvillingar\/intervju-med-tvillingmamman-hanna\/\",\"url\":\"https:\/\/webstaging.babyjourney.se\/tvillingar\/intervju-med-tvillingmamman-hanna\/\",\"name\":\"Intervju med tvillingmamman Hanna | Baby Journey\",\"isPartOf\":{\"@id\":\"https:\/\/webstaging.babyjourney.se\/#website\"},\"primaryImageOfPage\":{\"@id\":\"https:\/\/webstaging.babyjourney.se\/tvillingar\/intervju-med-tvillingmamman-hanna\/#primaryimage\"},\"image\":{\"@id\":\"https:\/\/webstaging.babyjourney.se\/tvillingar\/intervju-med-tvillingmamman-hanna\/#primaryimage\"},\"thumbnailUrl\":\"https:\/\/webstaging.babyjourney.se\/wp-content\/uploads\/2022\/03\/intervju-tvillingmamma-artikel.png\",\"datePublished\":\"2022-03-09T14:49:39+00:00\",\"dateModified\":\"2022-09-16T12:53:02+00:00\",\"author\":{\"@id\":\"https:\/\/webstaging.babyjourney.se\/#\/schema\/person\/43e4b682dd88bf6e0f3afdca7b0feb92\"},\"description\":\"Intervju med tvillingmamma Hanna. Fr\u00e5gor om hur det \u00e4r att ha tvillingar, om k\u00e4nslorna inf\u00f6r att f\u00e5 tvillingar, om graviditeten och om f\u00f6rlossningen.\",\"breadcrumb\":{\"@id\":\"https:\/\/webstaging.babyjourney.se\/tvillingar\/intervju-med-tvillingmamman-hanna\/#breadcrumb\"},\"inLanguage\":\"da-DK\",\"potentialAction\":[{\"@type\":\"ReadAction\",\"target\":[\"https:\/\/webstaging.babyjourney.se\/tvillingar\/intervju-med-tvillingmamman-hanna\/\"]}]},{\"@type\":\"ImageObject\",\"inLanguage\":\"da-DK\",\"@id\":\"https:\/\/webstaging.babyjourney.se\/tvillingar\/intervju-med-tvillingmamman-hanna\/#primaryimage\",\"url\":\"https:\/\/webstaging.babyjourney.se\/wp-content\/uploads\/2022\/03\/intervju-tvillingmamma-artikel.png\",\"contentUrl\":\"https:\/\/webstaging.babyjourney.se\/wp-content\/uploads\/2022\/03\/intervju-tvillingmamma-artikel.png\",\"width\":941,\"height\":706,\"caption\":\"intervju-med-tvillingmamma\"},{\"@type\":\"BreadcrumbList\",\"@id\":\"https:\/\/webstaging.babyjourney.se\/tvillingar\/intervju-med-tvillingmamman-hanna\/#breadcrumb\",\"itemListElement\":[{\"@type\":\"ListItem\",\"position\":1,\"name\":\"Home\",\"item\":\"https:\/\/webstaging.babyjourney.se\/\"},{\"@type\":\"ListItem\",\"position\":2,\"name\":\"Intervju med tvillingmamman Hanna\"}]},{\"@type\":\"WebSite\",\"@id\":\"https:\/\/webstaging.babyjourney.se\/#website\",\"url\":\"https:\/\/webstaging.babyjourney.se\/\",\"name\":\"Baby Journey\",\"description\":\"Baby Journey Gravidapp \u00e4r framtagen f\u00f6r att minska ensamheten under en graviditet och \u00f6ka samh\u00f6righeten bland gravida kvinnor och partners.\",\"potentialAction\":[{\"@type\":\"SearchAction\",\"target\":{\"@type\":\"EntryPoint\",\"urlTemplate\":\"https:\/\/webstaging.babyjourney.se\/?s={search_term_string}\"},\"query-input\":{\"@type\":\"PropertyValueSpecification\",\"valueRequired\":true,\"valueName\":\"search_term_string\"}}],\"inLanguage\":\"da-DK\"},{\"@type\":\"Person\",\"@id\":\"https:\/\/webstaging.babyjourney.se\/#\/schema\/person\/43e4b682dd88bf6e0f3afdca7b0feb92\",\"name\":\"malin@babyjourney.se\",\"image\":{\"@type\":\"ImageObject\",\"inLanguage\":\"da-DK\",\"@id\":\"https:\/\/secure.gravatar.com\/avatar\/8c2dc2b902ffc46d191b1208f5844a2c4fe24f739a33b0f346429fc559954f47?s=96&d=mm&r=g\",\"url\":\"https:\/\/secure.gravatar.com\/avatar\/8c2dc2b902ffc46d191b1208f5844a2c4fe24f739a33b0f346429fc559954f47?s=96&d=mm&r=g\",\"contentUrl\":\"https:\/\/secure.gravatar.com\/avatar\/8c2dc2b902ffc46d191b1208f5844a2c4fe24f739a33b0f346429fc559954f47?s=96&d=mm&r=g\",\"caption\":\"malin@babyjourney.se\"},\"url\":\"https:\/\/webstaging.babyjourney.se\/dk\/author\/malinbabyjourney-se\/\"}]}<\/script>\n<!-- \/ Yoast SEO plugin. -->","yoast_head_json":{"title":"Interview med tvillingemor Hanna | Baby Journey","description":"Interview med tvillingemor Hanna. Sp\u00f8rgsm\u00e5l om, hvordan det er at have tvillinger, om f\u00f8lelserne ved at have tvillinger, om graviditeten og om f\u00f8dslen.","robots":{"index":"index","follow":"follow","max-snippet":"max-snippet:-1","max-image-preview":"max-image-preview:large","max-video-preview":"max-video-preview:-1"},"canonical":"https:\/\/webstaging.babyjourney.se\/dk\/tvillinger\/interview-med-tvillingemor-hanna\/","og_locale":"da_DK","og_type":"article","og_title":"Intervju med tvillingmamman Hanna | Baby Journey","og_description":"Intervju med tvillingmamma Hanna. Fr\u00e5gor om hur det \u00e4r att ha tvillingar, om k\u00e4nslorna inf\u00f6r att f\u00e5 tvillingar, om graviditeten och om f\u00f6rlossningen.","og_url":"https:\/\/webstaging.babyjourney.se\/dk\/tvillinger\/interview-med-tvillingemor-hanna\/","og_site_name":"Baby Journey","article_published_time":"2022-03-09T14:49:39+00:00","article_modified_time":"2022-09-16T12:53:02+00:00","og_image":[{"width":941,"height":706,"url":"https:\/\/webstaging.babyjourney.se\/wp-content\/uploads\/2022\/03\/intervju-tvillingmamma-artikel.png","type":"image\/png"}],"author":"malin@babyjourney.se","twitter_card":"summary_large_image","twitter_misc":{"Written by":"malin@babyjourney.se","Est. reading time":"4 minutes"},"schema":{"@context":"https:\/\/schema.org","@graph":[{"@type":"Article","@id":"https:\/\/webstaging.babyjourney.se\/tvillingar\/intervju-med-tvillingmamman-hanna\/#article","isPartOf":{"@id":"https:\/\/webstaging.babyjourney.se\/tvillingar\/intervju-med-tvillingmamman-hanna\/"},"author":{"name":"malin@babyjourney.se","@id":"https:\/\/webstaging.babyjourney.se\/#\/schema\/person\/43e4b682dd88bf6e0f3afdca7b0feb92"},"headline":"Intervju med tvillingmamman Hanna","datePublished":"2022-03-09T14:49:39+00:00","dateModified":"2022-09-16T12:53:02+00:00","mainEntityOfPage":{"@id":"https:\/\/webstaging.babyjourney.se\/tvillingar\/intervju-med-tvillingmamman-hanna\/"},"wordCount":790,"image":{"@id":"https:\/\/webstaging.babyjourney.se\/tvillingar\/intervju-med-tvillingmamman-hanna\/#primaryimage"},"thumbnailUrl":"https:\/\/webstaging.babyjourney.se\/wp-content\/uploads\/2022\/03\/intervju-tvillingmamma-artikel.png","articleSection":["Tvillingar"],"inLanguage":"da-DK"},{"@type":"WebPage","@id":"https:\/\/webstaging.babyjourney.se\/tvillingar\/intervju-med-tvillingmamman-hanna\/","url":"https:\/\/webstaging.babyjourney.se\/tvillingar\/intervju-med-tvillingmamman-hanna\/","name":"Interview med tvillingemor Hanna | Baby Journey","isPartOf":{"@id":"https:\/\/webstaging.babyjourney.se\/#website"},"primaryImageOfPage":{"@id":"https:\/\/webstaging.babyjourney.se\/tvillingar\/intervju-med-tvillingmamman-hanna\/#primaryimage"},"image":{"@id":"https:\/\/webstaging.babyjourney.se\/tvillingar\/intervju-med-tvillingmamman-hanna\/#primaryimage"},"thumbnailUrl":"https:\/\/webstaging.babyjourney.se\/wp-content\/uploads\/2022\/03\/intervju-tvillingmamma-artikel.png","datePublished":"2022-03-09T14:49:39+00:00","dateModified":"2022-09-16T12:53:02+00:00","author":{"@id":"https:\/\/webstaging.babyjourney.se\/#\/schema\/person\/43e4b682dd88bf6e0f3afdca7b0feb92"},"description":"Interview med tvillingemor Hanna. Sp\u00f8rgsm\u00e5l om, hvordan det er at have tvillinger, om f\u00f8lelserne ved at have tvillinger, om graviditeten og om f\u00f8dslen.","breadcrumb":{"@id":"https:\/\/webstaging.babyjourney.se\/tvillingar\/intervju-med-tvillingmamman-hanna\/#breadcrumb"},"inLanguage":"da-DK","potentialAction":[{"@type":"ReadAction","target":["https:\/\/webstaging.babyjourney.se\/tvillingar\/intervju-med-tvillingmamman-hanna\/"]}]},{"@type":"ImageObject","inLanguage":"da-DK","@id":"https:\/\/webstaging.babyjourney.se\/tvillingar\/intervju-med-tvillingmamman-hanna\/#primaryimage","url":"https:\/\/webstaging.babyjourney.se\/wp-content\/uploads\/2022\/03\/intervju-tvillingmamma-artikel.png","contentUrl":"https:\/\/webstaging.babyjourney.se\/wp-content\/uploads\/2022\/03\/intervju-tvillingmamma-artikel.png","width":941,"height":706,"caption":"intervju-med-tvillingmamma"},{"@type":"BreadcrumbList","@id":"https:\/\/webstaging.babyjourney.se\/tvillingar\/intervju-med-tvillingmamman-hanna\/#breadcrumb","itemListElement":[{"@type":"ListItem","position":1,"name":"Home","item":"https:\/\/webstaging.babyjourney.se\/"},{"@type":"ListItem","position":2,"name":"Intervju med tvillingmamman Hanna"}]},{"@type":"WebSite","@id":"https:\/\/webstaging.babyjourney.se\/#website","url":"https:\/\/webstaging.babyjourney.se\/","name":"Baby Journey","description":"Graviditetsappen Baby Journey er designet til at reducere ensomhed under graviditeten og \u00f8ge f\u00f8lelsen af at h\u00f8re til blandt gravide kvinder og partnere.","potentialAction":[{"@type":"SearchAction","target":{"@type":"EntryPoint","urlTemplate":"https:\/\/webstaging.babyjourney.se\/?s={search_term_string}"},"query-input":{"@type":"PropertyValueSpecification","valueRequired":true,"valueName":"search_term_string"}}],"inLanguage":"da-DK"},{"@type":"Person","@id":"https:\/\/webstaging.babyjourney.se\/#\/schema\/person\/43e4b682dd88bf6e0f3afdca7b0feb92","name":"malin@babyjourney.se","image":{"@type":"ImageObject","inLanguage":"da-DK","@id":"https:\/\/secure.gravatar.com\/avatar\/8c2dc2b902ffc46d191b1208f5844a2c4fe24f739a33b0f346429fc559954f47?s=96&d=mm&r=g","url":"https:\/\/secure.gravatar.com\/avatar\/8c2dc2b902ffc46d191b1208f5844a2c4fe24f739a33b0f346429fc559954f47?s=96&d=mm&r=g","contentUrl":"https:\/\/secure.gravatar.com\/avatar\/8c2dc2b902ffc46d191b1208f5844a2c4fe24f739a33b0f346429fc559954f47?s=96&d=mm&r=g","caption":"malin@babyjourney.se"},"url":"https:\/\/webstaging.babyjourney.se\/dk\/author\/malinbabyjourney-se\/"}]}},"_links":{"self":[{"href":"https:\/\/webstaging.babyjourney.se\/dk\/wp-json\/wp\/v2\/posts\/1244","targetHints":{"allow":["GET"]}}],"collection":[{"href":"https:\/\/webstaging.babyjourney.se\/dk\/wp-json\/wp\/v2\/posts"}],"about":[{"href":"https:\/\/webstaging.babyjourney.se\/dk\/wp-json\/wp\/v2\/types\/post"}],"author":[{"embeddable":true,"href":"https:\/\/webstaging.babyjourney.se\/dk\/wp-json\/wp\/v2\/users\/4"}],"replies":[{"embeddable":true,"href":"https:\/\/webstaging.babyjourney.se\/dk\/wp-json\/wp\/v2\/comments?post=1244"}],"version-history":[{"count":5,"href":"https:\/\/webstaging.babyjourney.se\/dk\/wp-json\/wp\/v2\/posts\/1244\/revisions"}],"predecessor-version":[{"id":1323,"href":"https:\/\/webstaging.babyjourney.se\/dk\/wp-json\/wp\/v2\/posts\/1244\/revisions\/1323"}],"wp:featuredmedia":[{"embeddable":true,"href":"https:\/\/webstaging.babyjourney.se\/dk\/wp-json\/wp\/v2\/media\/1298"}],"wp:attachment":[{"href":"https:\/\/webstaging.babyjourney.se\/dk\/wp-json\/wp\/v2\/media?parent=1244"}],"wp:term":[{"taxonomy":"category","embeddable":true,"href":"https:\/\/webstaging.babyjourney.se\/dk\/wp-json\/wp\/v2\/categories?post=1244"},{"taxonomy":"post_tag","embeddable":true,"href":"https:\/\/webstaging.babyjourney.se\/dk\/wp-json\/wp\/v2\/tags?post=1244"}],"curies":[{"name":"wp","href":"https:\/\/api.w.org\/{rel}","templated":true}]}}