
{"id":1568,"date":"2022-07-26T23:17:22","date_gmt":"2022-07-26T21:17:22","guid":{"rendered":"https:\/\/babyjourney.se\/?p=1568"},"modified":"2022-09-01T12:49:12","modified_gmt":"2022-09-01T10:49:12","slug":"sa-du-kan-begynde-at-taenke-pa-at-vaelge-en-bornehave","status":"publish","type":"post","link":"https:\/\/webstaging.babyjourney.se\/dk\/barn\/sa-kan-du-tanka-infor-att-valja-forskola\/","title":{"rendered":"Er det tid til at v\u00e6lge b\u00f8rnehave?"},"content":{"rendered":"<p><strong>Er der virkelig en perfekt alder at starte i b\u00f8rnehave p\u00e5? Og hvordan ved man, hvilken b\u00f8rnehave der er bedst, n\u00e5r man skal v\u00e6lge b\u00f8rnehave? Her er, hvordan du kan t\u00e6nke over valg af b\u00f8rnehave!<\/strong><\/p>\n<p>I Sverige har alle b\u00f8rn if\u00f8lge skoleloven ret til at starte i b\u00f8rnehave fra de er 1 \u00e5r, dvs. den dag de fylder 1 \u00e5r. Det er dog sv\u00e6rt at sige, om der findes en \"perfekt\" alder for at starte i b\u00f8rnehave, da alle b\u00f8rn er s\u00e5 forskellige. Faktorer, der kan spille en rolle i beslutningen om, hvorn\u00e5r barnet skal starte i b\u00f8rnehave, omfatter barnets udvikling, temperament, arten af den b\u00f8rnehave, barnet skal g\u00e5 i, og for\u00e6ldrenes arbejdssituation. Det er dig som for\u00e6lder, der kender dit barn bedst og ved, hvorn\u00e5r det er tid til at starte i b\u00f8rnehave.<\/p>\n<p>De fleste b\u00f8rn i Sverige starter i b\u00f8rnehave i 1-2 \u00e5rs alderen. Der er selvf\u00f8lgelig b\u00e5de fordele og ulemper ved at lade sit barn starte i b\u00f8rnehaven, n\u00e5r det er 1 \u00e5r, eller vente til det er 1,5 \u00e5r eller senere. Et barn, der starter tidligere, kan ofte v\u00e6re mere frygtl\u00f8s og have lettere ved at tilpasse sig den nye hverdag. Et barn, der starter senere, vil have haft mere tid til at udvikle sociale f\u00e6rdigheder og vil ofte have mere gavn af at socialisere med andre b\u00f8rn, et behov, der stiger med alderen. I 1,5-\u00e5rsalderen har barnet ogs\u00e5 udviklet flere motoriske og verbale f\u00e6rdigheder, hvilket g\u00f8r det lettere for barnet at komme rundt og vise, hvad det har brug for.<\/p>\n<p>B\u00f8rnehavens mission er at sikre, at alle b\u00f8rn f\u00e5r opfyldt deres behov, og at der bliver taget godt h\u00e5nd om dem, uanset hvorn\u00e5r de starter. Indskrivningen handler om at forberede dit barn p\u00e5 at nyde, lege, spise og sove i b\u00f8rnehaven. Som for\u00e6lder beh\u00f8ver du ikke at t\u00e6nke p\u00e5 at \u00f8ve disse ting derhjemme f\u00f8r b\u00f8rnehaven; det g\u00f8r p\u00e6dagogerne som regel sammen med b\u00f8rnene - noget, der som regel g\u00e5r rigtig godt.<\/p>\n<h2>Hvad skal du overveje, n\u00e5r du v\u00e6lger b\u00f8rnehave?<\/h2>\n<p>Bes\u00f8g gerne de forskellige b\u00f8rnehaver, du v\u00e6lger, for at pr\u00f8ve at f\u00e5 en id\u00e9 om, hvordan de ser ud, og hvordan det daglige arbejde er. F\u00f8les det som et behageligt sted, hvor du har lyst til at opholde dig? Hvordan interagerer personalet med b\u00f8rnene? Hvad er deres orientering og fokus i b\u00f8rnehaven? Tal med personalet, og fort\u00e6l dem om dit barn! Vov at stille sp\u00f8rgsm\u00e5l og v\u00e6r nysgerrig. M\u00e6rk, hvordan du bliver behandlet som for\u00e6lder, og hvordan de taler om b\u00f8rn og deres behov.<\/p>\n<p>Andre aspekter, man b\u00f8r overveje, er b\u00f8rnegruppernes st\u00f8rrelse, og om der er stor udskiftning af personalet i b\u00f8rnehaven. Og s\u00e5 er der selvf\u00f8lgelig de mere praktiske aspekter som n\u00e6rhed til hjem eller arbejde etc. Alle oplysninger om b\u00f8rnehaver kan som regel findes p\u00e5 din kommunes hjemmeside.<\/p>\n<p><em>Det er ikke nemt at v\u00e6lge b\u00f8rnehave, og nogle b\u00f8rnehaver har lange k\u00f8er, mens andre ikke har. G\u00e5 efter, hvad der fungerer i din hverdag, og hvad du synes er bedst for dig og dit barn.<\/em><\/p>\n<p><a href=\"https:\/\/webstaging.babyjourney.se\/dk\/at-fa-born-til-at-sove-i-deres-eget-blod\/\" target=\"_blank\" rel=\"noopener\"><strong>Vil du f\u00e5 dit barn til at sove i sin egen seng? L\u00e6s mere her!<\/strong><\/a><\/p>","protected":false},"excerpt":{"rendered":"<p>Er der virkelig en perfekt alder at starte i b\u00f8rnehave p\u00e5? Og hvordan ved man, hvilken b\u00f8rnehave der er bedst, n\u00e5r man skal v\u00e6lge b\u00f8rnehave? Her er, hvordan du kan t\u00e6nke, n\u00e5r du skal v\u00e6lge b\u00f8rnehave! I Sverige er...<\/p>","protected":false},"author":2,"featured_media":1567,"comment_status":"closed","ping_status":"open","sticky":false,"template":"","format":"standard","meta":{"_acf_changed":false,"footnotes":""},"categories":[11],"tags":[],"class_list":["post-1568","post","type-post","status-publish","format-standard","has-post-thumbnail","hentry","category-barn"],"acf":[],"yoast_head":"<!-- This site is optimized with the Yoast SEO plugin v27.2 - https:\/\/yoast.com\/product\/yoast-seo-wordpress\/ -->\n<title>\u00c4r det dags att v\u00e4lja f\u00f6rskola? | Baby Journey<\/title>\n<meta name=\"description\" content=\"St\u00e5r familjen inf\u00f6r att v\u00e4lja f\u00f6rskola? Det finns m\u00e5nga aspekter att ta h\u00e4nsyn till. Baby Journey guidar er genom s\u00e5dant som kan vara bra att t\u00e4nka p\u00e5.\" \/>\n<meta name=\"robots\" content=\"index, follow, max-snippet:-1, max-image-preview:large, max-video-preview:-1\" \/>\n<link rel=\"canonical\" href=\"https:\/\/webstaging.babyjourney.se\/dk\/barn\/sa-du-kan-begynde-at-taenke-pa-at-vaelge-en-bornehave\/\" \/>\n<meta property=\"og:locale\" content=\"da_DK\" \/>\n<meta property=\"og:type\" content=\"article\" \/>\n<meta property=\"og:title\" content=\"\u00c4r det dags att v\u00e4lja f\u00f6rskola? | Baby Journey\" \/>\n<meta property=\"og:description\" content=\"St\u00e5r familjen inf\u00f6r att v\u00e4lja f\u00f6rskola? Det finns m\u00e5nga aspekter att ta h\u00e4nsyn till. Baby Journey guidar er genom s\u00e5dant som kan vara bra att t\u00e4nka p\u00e5.\" \/>\n<meta property=\"og:url\" content=\"https:\/\/webstaging.babyjourney.se\/dk\/barn\/sa-du-kan-begynde-at-taenke-pa-at-vaelge-en-bornehave\/\" \/>\n<meta property=\"og:site_name\" content=\"Baby Journey\" \/>\n<meta property=\"article:published_time\" content=\"2022-07-26T21:17:22+00:00\" \/>\n<meta property=\"article:modified_time\" content=\"2022-09-01T10:49:12+00:00\" \/>\n<meta property=\"og:image\" content=\"https:\/\/webstaging.babyjourney.se\/wp-content\/uploads\/2022\/05\/forskola-bakgrund.png\" \/>\n\t<meta property=\"og:image:width\" content=\"800\" \/>\n\t<meta property=\"og:image:height\" content=\"600\" \/>\n\t<meta property=\"og:image:type\" content=\"image\/png\" \/>\n<meta name=\"author\" content=\"timmy@babyjourney.se\" \/>\n<meta name=\"twitter:card\" content=\"summary_large_image\" \/>\n<meta name=\"twitter:label1\" content=\"Written by\" \/>\n\t<meta name=\"twitter:data1\" content=\"timmy@babyjourney.se\" \/>\n\t<meta name=\"twitter:label2\" content=\"Est. reading time\" \/>\n\t<meta name=\"twitter:data2\" content=\"3 minutes\" \/>\n<script type=\"application\/ld+json\" class=\"yoast-schema-graph\">{\"@context\":\"https:\/\/schema.org\",\"@graph\":[{\"@type\":\"Article\",\"@id\":\"https:\/\/webstaging.babyjourney.se\/barn\/sa-kan-du-tanka-infor-att-valja-forskola\/#article\",\"isPartOf\":{\"@id\":\"https:\/\/webstaging.babyjourney.se\/barn\/sa-kan-du-tanka-infor-att-valja-forskola\/\"},\"author\":{\"name\":\"timmy@babyjourney.se\",\"@id\":\"https:\/\/webstaging.babyjourney.se\/#\/schema\/person\/7435e59476a774a79060ab6e0a7545cd\"},\"headline\":\"\u00c4r det dags att v\u00e4lja f\u00f6rskola?\",\"datePublished\":\"2022-07-26T21:17:22+00:00\",\"dateModified\":\"2022-09-01T10:49:12+00:00\",\"mainEntityOfPage\":{\"@id\":\"https:\/\/webstaging.babyjourney.se\/barn\/sa-kan-du-tanka-infor-att-valja-forskola\/\"},\"wordCount\":662,\"image\":{\"@id\":\"https:\/\/webstaging.babyjourney.se\/barn\/sa-kan-du-tanka-infor-att-valja-forskola\/#primaryimage\"},\"thumbnailUrl\":\"https:\/\/webstaging.babyjourney.se\/wp-content\/uploads\/2022\/05\/forskola-bakgrund.png\",\"articleSection\":[\"Barn\"],\"inLanguage\":\"da-DK\"},{\"@type\":\"WebPage\",\"@id\":\"https:\/\/webstaging.babyjourney.se\/barn\/sa-kan-du-tanka-infor-att-valja-forskola\/\",\"url\":\"https:\/\/webstaging.babyjourney.se\/barn\/sa-kan-du-tanka-infor-att-valja-forskola\/\",\"name\":\"\u00c4r det dags att v\u00e4lja f\u00f6rskola? | Baby Journey\",\"isPartOf\":{\"@id\":\"https:\/\/webstaging.babyjourney.se\/#website\"},\"primaryImageOfPage\":{\"@id\":\"https:\/\/webstaging.babyjourney.se\/barn\/sa-kan-du-tanka-infor-att-valja-forskola\/#primaryimage\"},\"image\":{\"@id\":\"https:\/\/webstaging.babyjourney.se\/barn\/sa-kan-du-tanka-infor-att-valja-forskola\/#primaryimage\"},\"thumbnailUrl\":\"https:\/\/webstaging.babyjourney.se\/wp-content\/uploads\/2022\/05\/forskola-bakgrund.png\",\"datePublished\":\"2022-07-26T21:17:22+00:00\",\"dateModified\":\"2022-09-01T10:49:12+00:00\",\"author\":{\"@id\":\"https:\/\/webstaging.babyjourney.se\/#\/schema\/person\/7435e59476a774a79060ab6e0a7545cd\"},\"description\":\"St\u00e5r familjen inf\u00f6r att v\u00e4lja f\u00f6rskola? Det finns m\u00e5nga aspekter att ta h\u00e4nsyn till. Baby Journey guidar er genom s\u00e5dant som kan vara bra att t\u00e4nka p\u00e5.\",\"breadcrumb\":{\"@id\":\"https:\/\/webstaging.babyjourney.se\/barn\/sa-kan-du-tanka-infor-att-valja-forskola\/#breadcrumb\"},\"inLanguage\":\"da-DK\",\"potentialAction\":[{\"@type\":\"ReadAction\",\"target\":[\"https:\/\/webstaging.babyjourney.se\/barn\/sa-kan-du-tanka-infor-att-valja-forskola\/\"]}]},{\"@type\":\"ImageObject\",\"inLanguage\":\"da-DK\",\"@id\":\"https:\/\/webstaging.babyjourney.se\/barn\/sa-kan-du-tanka-infor-att-valja-forskola\/#primaryimage\",\"url\":\"https:\/\/webstaging.babyjourney.se\/wp-content\/uploads\/2022\/05\/forskola-bakgrund.png\",\"contentUrl\":\"https:\/\/webstaging.babyjourney.se\/wp-content\/uploads\/2022\/05\/forskola-bakgrund.png\",\"width\":800,\"height\":600,\"caption\":\"valja-forskola\"},{\"@type\":\"BreadcrumbList\",\"@id\":\"https:\/\/webstaging.babyjourney.se\/barn\/sa-kan-du-tanka-infor-att-valja-forskola\/#breadcrumb\",\"itemListElement\":[{\"@type\":\"ListItem\",\"position\":1,\"name\":\"Home\",\"item\":\"https:\/\/webstaging.babyjourney.se\/\"},{\"@type\":\"ListItem\",\"position\":2,\"name\":\"\u00c4r det dags att v\u00e4lja f\u00f6rskola?\"}]},{\"@type\":\"WebSite\",\"@id\":\"https:\/\/webstaging.babyjourney.se\/#website\",\"url\":\"https:\/\/webstaging.babyjourney.se\/\",\"name\":\"Baby Journey\",\"description\":\"Baby Journey Gravidapp \u00e4r framtagen f\u00f6r att minska ensamheten under en graviditet och \u00f6ka samh\u00f6righeten bland gravida kvinnor och partners.\",\"potentialAction\":[{\"@type\":\"SearchAction\",\"target\":{\"@type\":\"EntryPoint\",\"urlTemplate\":\"https:\/\/webstaging.babyjourney.se\/?s={search_term_string}\"},\"query-input\":{\"@type\":\"PropertyValueSpecification\",\"valueRequired\":true,\"valueName\":\"search_term_string\"}}],\"inLanguage\":\"da-DK\"},{\"@type\":\"Person\",\"@id\":\"https:\/\/webstaging.babyjourney.se\/#\/schema\/person\/7435e59476a774a79060ab6e0a7545cd\",\"name\":\"timmy@babyjourney.se\",\"image\":{\"@type\":\"ImageObject\",\"inLanguage\":\"da-DK\",\"@id\":\"https:\/\/secure.gravatar.com\/avatar\/a63faee7e857a46f71b72a0164bc19da8edddb0a1bc76f5ef81cf6a9cb605d7e?s=96&d=mm&r=g\",\"url\":\"https:\/\/secure.gravatar.com\/avatar\/a63faee7e857a46f71b72a0164bc19da8edddb0a1bc76f5ef81cf6a9cb605d7e?s=96&d=mm&r=g\",\"contentUrl\":\"https:\/\/secure.gravatar.com\/avatar\/a63faee7e857a46f71b72a0164bc19da8edddb0a1bc76f5ef81cf6a9cb605d7e?s=96&d=mm&r=g\",\"caption\":\"timmy@babyjourney.se\"},\"url\":\"https:\/\/webstaging.babyjourney.se\/dk\/author\/timmybabyjourney-se\/\"}]}<\/script>\n<!-- \/ Yoast SEO plugin. -->","yoast_head_json":{"title":"Er det tid til at v\u00e6lge b\u00f8rnehave? | Babyens rejse","description":"Skal din familie til at v\u00e6lge daginstitution? Der er mange aspekter at tage stilling til. Baby Journey guider dig igennem, hvad du m\u00e5ske b\u00f8r overveje.","robots":{"index":"index","follow":"follow","max-snippet":"max-snippet:-1","max-image-preview":"max-image-preview:large","max-video-preview":"max-video-preview:-1"},"canonical":"https:\/\/webstaging.babyjourney.se\/dk\/barn\/sa-du-kan-begynde-at-taenke-pa-at-vaelge-en-bornehave\/","og_locale":"da_DK","og_type":"article","og_title":"\u00c4r det dags att v\u00e4lja f\u00f6rskola? | Baby Journey","og_description":"St\u00e5r familjen inf\u00f6r att v\u00e4lja f\u00f6rskola? Det finns m\u00e5nga aspekter att ta h\u00e4nsyn till. Baby Journey guidar er genom s\u00e5dant som kan vara bra att t\u00e4nka p\u00e5.","og_url":"https:\/\/webstaging.babyjourney.se\/dk\/barn\/sa-du-kan-begynde-at-taenke-pa-at-vaelge-en-bornehave\/","og_site_name":"Baby Journey","article_published_time":"2022-07-26T21:17:22+00:00","article_modified_time":"2022-09-01T10:49:12+00:00","og_image":[{"width":800,"height":600,"url":"https:\/\/webstaging.babyjourney.se\/wp-content\/uploads\/2022\/05\/forskola-bakgrund.png","type":"image\/png"}],"author":"timmy@babyjourney.se","twitter_card":"summary_large_image","twitter_misc":{"Written by":"timmy@babyjourney.se","Est. reading time":"3 minutes"},"schema":{"@context":"https:\/\/schema.org","@graph":[{"@type":"Article","@id":"https:\/\/webstaging.babyjourney.se\/barn\/sa-kan-du-tanka-infor-att-valja-forskola\/#article","isPartOf":{"@id":"https:\/\/webstaging.babyjourney.se\/barn\/sa-kan-du-tanka-infor-att-valja-forskola\/"},"author":{"name":"timmy@babyjourney.se","@id":"https:\/\/webstaging.babyjourney.se\/#\/schema\/person\/7435e59476a774a79060ab6e0a7545cd"},"headline":"\u00c4r det dags att v\u00e4lja f\u00f6rskola?","datePublished":"2022-07-26T21:17:22+00:00","dateModified":"2022-09-01T10:49:12+00:00","mainEntityOfPage":{"@id":"https:\/\/webstaging.babyjourney.se\/barn\/sa-kan-du-tanka-infor-att-valja-forskola\/"},"wordCount":662,"image":{"@id":"https:\/\/webstaging.babyjourney.se\/barn\/sa-kan-du-tanka-infor-att-valja-forskola\/#primaryimage"},"thumbnailUrl":"https:\/\/webstaging.babyjourney.se\/wp-content\/uploads\/2022\/05\/forskola-bakgrund.png","articleSection":["Barn"],"inLanguage":"da-DK"},{"@type":"WebPage","@id":"https:\/\/webstaging.babyjourney.se\/barn\/sa-kan-du-tanka-infor-att-valja-forskola\/","url":"https:\/\/webstaging.babyjourney.se\/barn\/sa-kan-du-tanka-infor-att-valja-forskola\/","name":"Er det tid til at v\u00e6lge b\u00f8rnehave? | Babyens rejse","isPartOf":{"@id":"https:\/\/webstaging.babyjourney.se\/#website"},"primaryImageOfPage":{"@id":"https:\/\/webstaging.babyjourney.se\/barn\/sa-kan-du-tanka-infor-att-valja-forskola\/#primaryimage"},"image":{"@id":"https:\/\/webstaging.babyjourney.se\/barn\/sa-kan-du-tanka-infor-att-valja-forskola\/#primaryimage"},"thumbnailUrl":"https:\/\/webstaging.babyjourney.se\/wp-content\/uploads\/2022\/05\/forskola-bakgrund.png","datePublished":"2022-07-26T21:17:22+00:00","dateModified":"2022-09-01T10:49:12+00:00","author":{"@id":"https:\/\/webstaging.babyjourney.se\/#\/schema\/person\/7435e59476a774a79060ab6e0a7545cd"},"description":"Skal din familie til at v\u00e6lge daginstitution? Der er mange aspekter at tage stilling til. Baby Journey guider dig igennem, hvad du m\u00e5ske b\u00f8r overveje.","breadcrumb":{"@id":"https:\/\/webstaging.babyjourney.se\/barn\/sa-kan-du-tanka-infor-att-valja-forskola\/#breadcrumb"},"inLanguage":"da-DK","potentialAction":[{"@type":"ReadAction","target":["https:\/\/webstaging.babyjourney.se\/barn\/sa-kan-du-tanka-infor-att-valja-forskola\/"]}]},{"@type":"ImageObject","inLanguage":"da-DK","@id":"https:\/\/webstaging.babyjourney.se\/barn\/sa-kan-du-tanka-infor-att-valja-forskola\/#primaryimage","url":"https:\/\/webstaging.babyjourney.se\/wp-content\/uploads\/2022\/05\/forskola-bakgrund.png","contentUrl":"https:\/\/webstaging.babyjourney.se\/wp-content\/uploads\/2022\/05\/forskola-bakgrund.png","width":800,"height":600,"caption":"valja-forskola"},{"@type":"BreadcrumbList","@id":"https:\/\/webstaging.babyjourney.se\/barn\/sa-kan-du-tanka-infor-att-valja-forskola\/#breadcrumb","itemListElement":[{"@type":"ListItem","position":1,"name":"Home","item":"https:\/\/webstaging.babyjourney.se\/"},{"@type":"ListItem","position":2,"name":"\u00c4r det dags att v\u00e4lja f\u00f6rskola?"}]},{"@type":"WebSite","@id":"https:\/\/webstaging.babyjourney.se\/#website","url":"https:\/\/webstaging.babyjourney.se\/","name":"Baby Journey","description":"Graviditetsappen Baby Journey er designet til at reducere ensomhed under graviditeten og \u00f8ge f\u00f8lelsen af at h\u00f8re til blandt gravide kvinder og partnere.","potentialAction":[{"@type":"SearchAction","target":{"@type":"EntryPoint","urlTemplate":"https:\/\/webstaging.babyjourney.se\/?s={search_term_string}"},"query-input":{"@type":"PropertyValueSpecification","valueRequired":true,"valueName":"search_term_string"}}],"inLanguage":"da-DK"},{"@type":"Person","@id":"https:\/\/webstaging.babyjourney.se\/#\/schema\/person\/7435e59476a774a79060ab6e0a7545cd","name":"timmy@babyjourney.se","image":{"@type":"ImageObject","inLanguage":"da-DK","@id":"https:\/\/secure.gravatar.com\/avatar\/a63faee7e857a46f71b72a0164bc19da8edddb0a1bc76f5ef81cf6a9cb605d7e?s=96&d=mm&r=g","url":"https:\/\/secure.gravatar.com\/avatar\/a63faee7e857a46f71b72a0164bc19da8edddb0a1bc76f5ef81cf6a9cb605d7e?s=96&d=mm&r=g","contentUrl":"https:\/\/secure.gravatar.com\/avatar\/a63faee7e857a46f71b72a0164bc19da8edddb0a1bc76f5ef81cf6a9cb605d7e?s=96&d=mm&r=g","caption":"timmy@babyjourney.se"},"url":"https:\/\/webstaging.babyjourney.se\/dk\/author\/timmybabyjourney-se\/"}]}},"_links":{"self":[{"href":"https:\/\/webstaging.babyjourney.se\/dk\/wp-json\/wp\/v2\/posts\/1568","targetHints":{"allow":["GET"]}}],"collection":[{"href":"https:\/\/webstaging.babyjourney.se\/dk\/wp-json\/wp\/v2\/posts"}],"about":[{"href":"https:\/\/webstaging.babyjourney.se\/dk\/wp-json\/wp\/v2\/types\/post"}],"author":[{"embeddable":true,"href":"https:\/\/webstaging.babyjourney.se\/dk\/wp-json\/wp\/v2\/users\/2"}],"replies":[{"embeddable":true,"href":"https:\/\/webstaging.babyjourney.se\/dk\/wp-json\/wp\/v2\/comments?post=1568"}],"version-history":[{"count":4,"href":"https:\/\/webstaging.babyjourney.se\/dk\/wp-json\/wp\/v2\/posts\/1568\/revisions"}],"predecessor-version":[{"id":2152,"href":"https:\/\/webstaging.babyjourney.se\/dk\/wp-json\/wp\/v2\/posts\/1568\/revisions\/2152"}],"wp:featuredmedia":[{"embeddable":true,"href":"https:\/\/webstaging.babyjourney.se\/dk\/wp-json\/wp\/v2\/media\/1567"}],"wp:attachment":[{"href":"https:\/\/webstaging.babyjourney.se\/dk\/wp-json\/wp\/v2\/media?parent=1568"}],"wp:term":[{"taxonomy":"category","embeddable":true,"href":"https:\/\/webstaging.babyjourney.se\/dk\/wp-json\/wp\/v2\/categories?post=1568"},{"taxonomy":"post_tag","embeddable":true,"href":"https:\/\/webstaging.babyjourney.se\/dk\/wp-json\/wp\/v2\/tags?post=1568"}],"curies":[{"name":"wp","href":"https:\/\/api.w.org\/{rel}","templated":true}]}}