
{"id":2077,"date":"2022-07-11T11:38:16","date_gmt":"2022-07-11T09:38:16","guid":{"rendered":"https:\/\/babyjourney.se\/?p=2077"},"modified":"2024-11-20T16:25:40","modified_gmt":"2024-11-20T15:25:40","slug":"hvorfor-du-og-dine-born-skal-vaccineres-mod-tbe","status":"publish","type":"post","link":"https:\/\/webstaging.babyjourney.se\/dk\/barn\/darfor-ska-du-och-dina-barn-vaccinera-er-mot-tbe\/","title":{"rendered":"Hvorfor du og dine b\u00f8rn skal vaccineres mod TBE"},"content":{"rendered":"<p><em>Sponsoreret af\u00a0<a href=\"https:\/\/www.lansforsakringar.se\/privat\/?utm_source=babyjourney&amp;utm_medium=app&amp;utm_campaign=LF_babyjourney_Nationell_Forsakring2023-gravid_20230421\" target=\"_blank\" rel=\"noopener\">L\u00e4nsf\u00f6rs\u00e4kringar<\/a><\/em><\/p>\n<p><strong>I sommerm\u00e5nederne og midt i ferieplanl\u00e6gningen kan det v\u00e6re let at glemme et s\u00e5 vigtigt punkt som at blive vaccineret mod TBE. Derfor vil vi gerne minde dig om, hvorfor det b\u00f8r v\u00e6re en prioritet!<\/strong><\/p>\n<h2>Hvad er TBE?<\/h2>\n<p>TBE er en virussygdom, der spredes af fl\u00e5ter. I de fleste tilf\u00e6lde giver sygdommen milde symptomer, men den kan ogs\u00e5 f\u00f8re til mere alvorlig sygdom - i v\u00e6rste fald til problemer, der ikke heler helt.<\/p>\n<h2>Hvad er symptomerne p\u00e5 TBE?<\/h2>\n<p>Hvis du er smittet med TBE, vil du ofte opleve milde symptomer som hovedpine, muskelsmerter, tr\u00e6thed eller feber. Det g\u00e5r som regel over efter et par dage. Op til en tredjedel af befolkningen udvikler en bet\u00e6ndelse i hjernen eller hjernehinderne, som kan give langt mere alvorlige problemer. For nogle mennesker kan denne type infektion bidrage til problemer, der aldrig forsvinder. Det kan v\u00e6re problemer med balance, koncentration og hukommelse. I alvorlige tilf\u00e6lde kan der ogs\u00e5 opst\u00e5 lammelser.<\/p>\n<h2>Hvad er behandlingen af TBE?<\/h2>\n<p>Der findes i \u00f8jeblikket ingen behandling for TBE, og kun en vaccine kan sikre beskyttelse mod infektion. Hvis du bor eller opholder dig i risikoomr\u00e5der, er det s\u00e6rligt vigtigt at blive vaccineret mod TBE.<\/p>\n<h2>Hvorfor b\u00f8r du blive vaccineret?<\/h2>\n<p>Risikoomr\u00e5derne er blevet st\u00f8rre, og selv om risikoen for at f\u00e5 en sygdom, der aldrig forsvinder, er lille, s\u00e5 er den der. Vaccination er den eneste m\u00e5de at undg\u00e5 infektion p\u00e5, s\u00e5 du kan v\u00e6re sikker p\u00e5, at din familie forbliver sund.<\/p>\n<p>Risikoomr\u00e5derne ligger i det sydlige og centrale Sverige, prim\u00e6rt i kystomr\u00e5derne omkring Stockholm, S\u00f6dermanland og Uppsala. Ogs\u00e5 i V\u00e4stra G\u00f6taland-regionen. TBE-virussen spreder sig i hele Sverige, og Sk\u00e5ne, Blekinge, Kronoberg, Kalmar, J\u00f6nk\u00f6ping, \u00d6sterg\u00f6tland, \u00d6rebro, V\u00e4rmland, V\u00e4stmanland, Dalarna og G\u00e4vleborg amter er nu ber\u00f8rt.<\/p>\n<h2>Hvad du skal overveje f\u00f8r vaccination<\/h2>\n<p>- Hold \u00f8je med listen over risikoomr\u00e5der! Hvis du bor eller opholder dig i et risikoomr\u00e5de, b\u00f8r du og din familie blive vaccineret.<br \/>\n- Vacciner b\u00f8rn tidligt, fra de er 1 \u00e5r gamle.<br \/>\n- Vacciner din familie i god tid inden fl\u00e5ts\u00e6sonen for at maksimere beskyttelsen. Fl\u00e5ter kan v\u00e6re aktive s\u00e5 l\u00e6nge som fra marts til november, s\u00e5 hvis du overvejer at blive vaccineret, er det bedst at g\u00f8re det s\u00e5 hurtigt som muligt, ogs\u00e5 selvom det ikke betyder fuld beskyttelse denne sommer.<br \/>\n- B\u00e5de b\u00f8rn og voksne kan blive ramt af TBE, s\u00e5 gennemg\u00e5 vaccinationsd\u00e6kningen for hele familien.<\/p>\n<h2>Hvad sker der, hvis jeg bliver smittet, f\u00f8r jeg er blevet vaccineret?<\/h2>\n<p>I tilf\u00e6lde af ikke-vaccination og mulig infektion g\u00e6lder f\u00f8lgende <strong><a href=\"https:\/\/www.lansforsakringar.se\/kop\/barnforsakring\/#registration?utm_source=partner&amp;utm_medium=referral&amp;utm_campaign=Nationell_LFAB_Forsakring-Barn_PP_barnkopflodeny_20241114_alwayson&amp;utm_content=barnforsakringbjwebb\" target=\"_blank\" rel=\"noopener\">B\u00f8rneforsikring<\/a><\/strong> og syge- og ulykkesforsikring for voksne. Vi er normalt omhyggelige med at forsikre ting som vores biler, hvor de fleste mennesker har fuld forsikring, men vi glemmer at forsikre de mest v\u00e6rdifulde ting, vi har. En <strong><a href=\"https:\/\/www.lansforsakringar.se\/kop\/barnforsakring\/#registration?utm_source=partner&amp;utm_medium=referral&amp;utm_campaign=Nationell_LFAB_Forsakring-Barn_PP_barnkopflodeny_20241114_alwayson&amp;utm_content=barnforsakringbjwebb\" target=\"_blank\" rel=\"noopener\">B\u00f8rneforsikring<\/a><\/strong> hj\u00e6lper din familie \u00f8konomisk i tilf\u00e6lde af skade eller sygdom og er en form for sikkerhed, der f\u00f8lger dig, indtil du fylder 25 \u00e5r.<\/p>","protected":false},"excerpt":{"rendered":"<p>Sponsoreret af L\u00e4nsf\u00f6rs\u00e4kringar I sommerm\u00e5nederne og midt i ferieplanl\u00e6gningen kan det v\u00e6re let at glemme et s\u00e5 vigtigt punkt som at blive vaccineret mod TBE. Derfor vil vi gerne minde dig om, hvorfor det b\u00f8r v\u00e6re en prioritet! Hvad er TBE? TBE er en...<\/p>","protected":false},"author":14,"featured_media":2078,"comment_status":"closed","ping_status":"open","sticky":false,"template":"","format":"standard","meta":{"_acf_changed":false,"footnotes":""},"categories":[11],"tags":[],"class_list":["post-2077","post","type-post","status-publish","format-standard","has-post-thumbnail","hentry","category-barn"],"acf":[],"yoast_head":"<!-- This site is optimized with the Yoast SEO plugin v28.0 - https:\/\/yoast.com\/product\/yoast-seo-wordpress\/ -->\n<title>D\u00e4rf\u00f6r ska du &amp; dina barn vaccineras mot TBE<\/title>\n<meta name=\"description\" content=\"Mitt i livet kan det vara l\u00e4tt att gl\u00f6mma en s\u00e5 viktig punkt som att ta vaccin mot TBE. D\u00e4rf\u00f6r vill vi h\u00e4r p\u00e5minna dig om varf\u00f6r detta b\u00f6r prioriteras!\" \/>\n<meta name=\"robots\" content=\"index, follow, max-snippet:-1, max-image-preview:large, max-video-preview:-1\" \/>\n<link rel=\"canonical\" href=\"https:\/\/webstaging.babyjourney.se\/dk\/barn\/hvorfor-du-og-dine-born-skal-vaccineres-mod-tbe\/\" \/>\n<meta property=\"og:locale\" content=\"da_DK\" \/>\n<meta property=\"og:type\" content=\"article\" \/>\n<meta property=\"og:title\" content=\"D\u00e4rf\u00f6r ska du &amp; dina barn vaccineras mot TBE\" \/>\n<meta property=\"og:description\" content=\"Mitt i livet kan det vara l\u00e4tt att gl\u00f6mma en s\u00e5 viktig punkt som att ta vaccin mot TBE. D\u00e4rf\u00f6r vill vi h\u00e4r p\u00e5minna dig om varf\u00f6r detta b\u00f6r prioriteras!\" \/>\n<meta property=\"og:url\" content=\"https:\/\/webstaging.babyjourney.se\/dk\/barn\/hvorfor-du-og-dine-born-skal-vaccineres-mod-tbe\/\" \/>\n<meta property=\"og:site_name\" content=\"Baby Journey\" \/>\n<meta property=\"article:published_time\" content=\"2022-07-11T09:38:16+00:00\" \/>\n<meta property=\"article:modified_time\" content=\"2024-11-20T15:25:40+00:00\" \/>\n<meta property=\"og:image\" content=\"https:\/\/webstaging.babyjourney.se\/wp-content\/uploads\/2022\/07\/1-2.png\" \/>\n\t<meta property=\"og:image:width\" content=\"800\" \/>\n\t<meta property=\"og:image:height\" content=\"600\" \/>\n\t<meta property=\"og:image:type\" content=\"image\/png\" \/>\n<meta name=\"author\" content=\"Julia Hellquist\" \/>\n<meta name=\"twitter:card\" content=\"summary_large_image\" \/>\n<meta name=\"twitter:label1\" content=\"Written by\" \/>\n\t<meta name=\"twitter:data1\" content=\"Julia Hellquist\" \/>\n\t<meta name=\"twitter:label2\" content=\"Est. reading time\" \/>\n\t<meta name=\"twitter:data2\" content=\"3 minutes\" \/>\n<script type=\"application\/ld+json\" class=\"yoast-schema-graph\">{\"@context\":\"https:\\\/\\\/schema.org\",\"@graph\":[{\"@type\":\"Article\",\"@id\":\"https:\\\/\\\/webstaging.babyjourney.se\\\/barn\\\/darfor-ska-du-och-dina-barn-vaccinera-er-mot-tbe\\\/#article\",\"isPartOf\":{\"@id\":\"https:\\\/\\\/webstaging.babyjourney.se\\\/barn\\\/darfor-ska-du-och-dina-barn-vaccinera-er-mot-tbe\\\/\"},\"author\":{\"name\":\"Julia Hellquist\",\"@id\":\"https:\\\/\\\/webstaging.babyjourney.se\\\/#\\\/schema\\\/person\\\/95362427c648550e8d1e3a56afcc2b48\"},\"headline\":\"D\u00e4rf\u00f6r ska du &#038; dina barn vaccineras mot TBE\",\"datePublished\":\"2022-07-11T09:38:16+00:00\",\"dateModified\":\"2024-11-20T15:25:40+00:00\",\"mainEntityOfPage\":{\"@id\":\"https:\\\/\\\/webstaging.babyjourney.se\\\/barn\\\/darfor-ska-du-och-dina-barn-vaccinera-er-mot-tbe\\\/\"},\"wordCount\":568,\"image\":{\"@id\":\"https:\\\/\\\/webstaging.babyjourney.se\\\/barn\\\/darfor-ska-du-och-dina-barn-vaccinera-er-mot-tbe\\\/#primaryimage\"},\"thumbnailUrl\":\"https:\\\/\\\/webstaging.babyjourney.se\\\/wp-content\\\/uploads\\\/2022\\\/07\\\/1-2.png\",\"articleSection\":[\"Barn\"],\"inLanguage\":\"da-DK\"},{\"@type\":\"WebPage\",\"@id\":\"https:\\\/\\\/webstaging.babyjourney.se\\\/barn\\\/darfor-ska-du-och-dina-barn-vaccinera-er-mot-tbe\\\/\",\"url\":\"https:\\\/\\\/webstaging.babyjourney.se\\\/barn\\\/darfor-ska-du-och-dina-barn-vaccinera-er-mot-tbe\\\/\",\"name\":\"D\u00e4rf\u00f6r ska du & dina barn vaccineras mot TBE\",\"isPartOf\":{\"@id\":\"https:\\\/\\\/webstaging.babyjourney.se\\\/#website\"},\"primaryImageOfPage\":{\"@id\":\"https:\\\/\\\/webstaging.babyjourney.se\\\/barn\\\/darfor-ska-du-och-dina-barn-vaccinera-er-mot-tbe\\\/#primaryimage\"},\"image\":{\"@id\":\"https:\\\/\\\/webstaging.babyjourney.se\\\/barn\\\/darfor-ska-du-och-dina-barn-vaccinera-er-mot-tbe\\\/#primaryimage\"},\"thumbnailUrl\":\"https:\\\/\\\/webstaging.babyjourney.se\\\/wp-content\\\/uploads\\\/2022\\\/07\\\/1-2.png\",\"datePublished\":\"2022-07-11T09:38:16+00:00\",\"dateModified\":\"2024-11-20T15:25:40+00:00\",\"author\":{\"@id\":\"https:\\\/\\\/webstaging.babyjourney.se\\\/#\\\/schema\\\/person\\\/95362427c648550e8d1e3a56afcc2b48\"},\"description\":\"Mitt i livet kan det vara l\u00e4tt att gl\u00f6mma en s\u00e5 viktig punkt som att ta vaccin mot TBE. D\u00e4rf\u00f6r vill vi h\u00e4r p\u00e5minna dig om varf\u00f6r detta b\u00f6r prioriteras!\",\"breadcrumb\":{\"@id\":\"https:\\\/\\\/webstaging.babyjourney.se\\\/barn\\\/darfor-ska-du-och-dina-barn-vaccinera-er-mot-tbe\\\/#breadcrumb\"},\"inLanguage\":\"da-DK\",\"potentialAction\":[{\"@type\":\"ReadAction\",\"target\":[\"https:\\\/\\\/webstaging.babyjourney.se\\\/barn\\\/darfor-ska-du-och-dina-barn-vaccinera-er-mot-tbe\\\/\"]}]},{\"@type\":\"ImageObject\",\"inLanguage\":\"da-DK\",\"@id\":\"https:\\\/\\\/webstaging.babyjourney.se\\\/barn\\\/darfor-ska-du-och-dina-barn-vaccinera-er-mot-tbe\\\/#primaryimage\",\"url\":\"https:\\\/\\\/webstaging.babyjourney.se\\\/wp-content\\\/uploads\\\/2022\\\/07\\\/1-2.png\",\"contentUrl\":\"https:\\\/\\\/webstaging.babyjourney.se\\\/wp-content\\\/uploads\\\/2022\\\/07\\\/1-2.png\",\"width\":800,\"height\":600,\"caption\":\"tbe-barn\"},{\"@type\":\"BreadcrumbList\",\"@id\":\"https:\\\/\\\/webstaging.babyjourney.se\\\/barn\\\/darfor-ska-du-och-dina-barn-vaccinera-er-mot-tbe\\\/#breadcrumb\",\"itemListElement\":[{\"@type\":\"ListItem\",\"position\":1,\"name\":\"Home\",\"item\":\"https:\\\/\\\/webstaging.babyjourney.se\\\/\"},{\"@type\":\"ListItem\",\"position\":2,\"name\":\"D\u00e4rf\u00f6r ska du &#038; dina barn vaccineras mot TBE\"}]},{\"@type\":\"WebSite\",\"@id\":\"https:\\\/\\\/webstaging.babyjourney.se\\\/#website\",\"url\":\"https:\\\/\\\/webstaging.babyjourney.se\\\/\",\"name\":\"Baby Journey\",\"description\":\"Baby Journey Gravidapp \u00e4r framtagen f\u00f6r att minska ensamheten under en graviditet och \u00f6ka samh\u00f6righeten bland gravida kvinnor och partners.\",\"potentialAction\":[{\"@type\":\"SearchAction\",\"target\":{\"@type\":\"EntryPoint\",\"urlTemplate\":\"https:\\\/\\\/webstaging.babyjourney.se\\\/?s={search_term_string}\"},\"query-input\":{\"@type\":\"PropertyValueSpecification\",\"valueRequired\":true,\"valueName\":\"search_term_string\"}}],\"inLanguage\":\"da-DK\"},{\"@type\":\"Person\",\"@id\":\"https:\\\/\\\/webstaging.babyjourney.se\\\/#\\\/schema\\\/person\\\/95362427c648550e8d1e3a56afcc2b48\",\"name\":\"Julia Hellquist\",\"image\":{\"@type\":\"ImageObject\",\"inLanguage\":\"da-DK\",\"@id\":\"https:\\\/\\\/secure.gravatar.com\\\/avatar\\\/bad5ea8d75fc24206569125af553d11492147f2eb890d8c2b551cb6c26655167?s=96&d=mm&r=g\",\"url\":\"https:\\\/\\\/secure.gravatar.com\\\/avatar\\\/bad5ea8d75fc24206569125af553d11492147f2eb890d8c2b551cb6c26655167?s=96&d=mm&r=g\",\"contentUrl\":\"https:\\\/\\\/secure.gravatar.com\\\/avatar\\\/bad5ea8d75fc24206569125af553d11492147f2eb890d8c2b551cb6c26655167?s=96&d=mm&r=g\",\"caption\":\"Julia Hellquist\"},\"url\":\"https:\\\/\\\/webstaging.babyjourney.se\\\/dk\\\/author\\\/julia\\\/\"}]}<\/script>\n<!-- \/ Yoast SEO plugin. -->","yoast_head_json":{"title":"Hvorfor du og dine b\u00f8rn skal vaccineres mod TBE","description":"Midt i livet kan det v\u00e6re let at glemme et s\u00e5 vigtigt punkt som at blive vaccineret mod TBE, s\u00e5 vi vil gerne minde dig om, hvorfor det b\u00f8r v\u00e6re en prioritet!","robots":{"index":"index","follow":"follow","max-snippet":"max-snippet:-1","max-image-preview":"max-image-preview:large","max-video-preview":"max-video-preview:-1"},"canonical":"https:\/\/webstaging.babyjourney.se\/dk\/barn\/hvorfor-du-og-dine-born-skal-vaccineres-mod-tbe\/","og_locale":"da_DK","og_type":"article","og_title":"D\u00e4rf\u00f6r ska du & dina barn vaccineras mot TBE","og_description":"Mitt i livet kan det vara l\u00e4tt att gl\u00f6mma en s\u00e5 viktig punkt som att ta vaccin mot TBE. D\u00e4rf\u00f6r vill vi h\u00e4r p\u00e5minna dig om varf\u00f6r detta b\u00f6r prioriteras!","og_url":"https:\/\/webstaging.babyjourney.se\/dk\/barn\/hvorfor-du-og-dine-born-skal-vaccineres-mod-tbe\/","og_site_name":"Baby Journey","article_published_time":"2022-07-11T09:38:16+00:00","article_modified_time":"2024-11-20T15:25:40+00:00","og_image":[{"width":800,"height":600,"url":"https:\/\/webstaging.babyjourney.se\/wp-content\/uploads\/2022\/07\/1-2.png","type":"image\/png"}],"author":"Julia Hellquist","twitter_card":"summary_large_image","twitter_misc":{"Written by":"Julia Hellquist","Est. reading time":"3 minutes"},"schema":{"@context":"https:\/\/schema.org","@graph":[{"@type":"Article","@id":"https:\/\/webstaging.babyjourney.se\/barn\/darfor-ska-du-och-dina-barn-vaccinera-er-mot-tbe\/#article","isPartOf":{"@id":"https:\/\/webstaging.babyjourney.se\/barn\/darfor-ska-du-och-dina-barn-vaccinera-er-mot-tbe\/"},"author":{"name":"Julia Hellquist","@id":"https:\/\/webstaging.babyjourney.se\/#\/schema\/person\/95362427c648550e8d1e3a56afcc2b48"},"headline":"D\u00e4rf\u00f6r ska du &#038; dina barn vaccineras mot TBE","datePublished":"2022-07-11T09:38:16+00:00","dateModified":"2024-11-20T15:25:40+00:00","mainEntityOfPage":{"@id":"https:\/\/webstaging.babyjourney.se\/barn\/darfor-ska-du-och-dina-barn-vaccinera-er-mot-tbe\/"},"wordCount":568,"image":{"@id":"https:\/\/webstaging.babyjourney.se\/barn\/darfor-ska-du-och-dina-barn-vaccinera-er-mot-tbe\/#primaryimage"},"thumbnailUrl":"https:\/\/webstaging.babyjourney.se\/wp-content\/uploads\/2022\/07\/1-2.png","articleSection":["Barn"],"inLanguage":"da-DK"},{"@type":"WebPage","@id":"https:\/\/webstaging.babyjourney.se\/barn\/darfor-ska-du-och-dina-barn-vaccinera-er-mot-tbe\/","url":"https:\/\/webstaging.babyjourney.se\/barn\/darfor-ska-du-och-dina-barn-vaccinera-er-mot-tbe\/","name":"Hvorfor du og dine b\u00f8rn skal vaccineres mod TBE","isPartOf":{"@id":"https:\/\/webstaging.babyjourney.se\/#website"},"primaryImageOfPage":{"@id":"https:\/\/webstaging.babyjourney.se\/barn\/darfor-ska-du-och-dina-barn-vaccinera-er-mot-tbe\/#primaryimage"},"image":{"@id":"https:\/\/webstaging.babyjourney.se\/barn\/darfor-ska-du-och-dina-barn-vaccinera-er-mot-tbe\/#primaryimage"},"thumbnailUrl":"https:\/\/webstaging.babyjourney.se\/wp-content\/uploads\/2022\/07\/1-2.png","datePublished":"2022-07-11T09:38:16+00:00","dateModified":"2024-11-20T15:25:40+00:00","author":{"@id":"https:\/\/webstaging.babyjourney.se\/#\/schema\/person\/95362427c648550e8d1e3a56afcc2b48"},"description":"Midt i livet kan det v\u00e6re let at glemme et s\u00e5 vigtigt punkt som at blive vaccineret mod TBE, s\u00e5 vi vil gerne minde dig om, hvorfor det b\u00f8r v\u00e6re en prioritet!","breadcrumb":{"@id":"https:\/\/webstaging.babyjourney.se\/barn\/darfor-ska-du-och-dina-barn-vaccinera-er-mot-tbe\/#breadcrumb"},"inLanguage":"da-DK","potentialAction":[{"@type":"ReadAction","target":["https:\/\/webstaging.babyjourney.se\/barn\/darfor-ska-du-och-dina-barn-vaccinera-er-mot-tbe\/"]}]},{"@type":"ImageObject","inLanguage":"da-DK","@id":"https:\/\/webstaging.babyjourney.se\/barn\/darfor-ska-du-och-dina-barn-vaccinera-er-mot-tbe\/#primaryimage","url":"https:\/\/webstaging.babyjourney.se\/wp-content\/uploads\/2022\/07\/1-2.png","contentUrl":"https:\/\/webstaging.babyjourney.se\/wp-content\/uploads\/2022\/07\/1-2.png","width":800,"height":600,"caption":"tbe-barn"},{"@type":"BreadcrumbList","@id":"https:\/\/webstaging.babyjourney.se\/barn\/darfor-ska-du-och-dina-barn-vaccinera-er-mot-tbe\/#breadcrumb","itemListElement":[{"@type":"ListItem","position":1,"name":"Home","item":"https:\/\/webstaging.babyjourney.se\/"},{"@type":"ListItem","position":2,"name":"D\u00e4rf\u00f6r ska du &#038; dina barn vaccineras mot TBE"}]},{"@type":"WebSite","@id":"https:\/\/webstaging.babyjourney.se\/#website","url":"https:\/\/webstaging.babyjourney.se\/","name":"Baby Journey","description":"Graviditetsappen Baby Journey er designet til at reducere ensomhed under graviditeten og \u00f8ge f\u00f8lelsen af at h\u00f8re til blandt gravide kvinder og partnere.","potentialAction":[{"@type":"SearchAction","target":{"@type":"EntryPoint","urlTemplate":"https:\/\/webstaging.babyjourney.se\/?s={search_term_string}"},"query-input":{"@type":"PropertyValueSpecification","valueRequired":true,"valueName":"search_term_string"}}],"inLanguage":"da-DK"},{"@type":"Person","@id":"https:\/\/webstaging.babyjourney.se\/#\/schema\/person\/95362427c648550e8d1e3a56afcc2b48","name":"Julia Hellquist","image":{"@type":"ImageObject","inLanguage":"da-DK","@id":"https:\/\/secure.gravatar.com\/avatar\/bad5ea8d75fc24206569125af553d11492147f2eb890d8c2b551cb6c26655167?s=96&d=mm&r=g","url":"https:\/\/secure.gravatar.com\/avatar\/bad5ea8d75fc24206569125af553d11492147f2eb890d8c2b551cb6c26655167?s=96&d=mm&r=g","contentUrl":"https:\/\/secure.gravatar.com\/avatar\/bad5ea8d75fc24206569125af553d11492147f2eb890d8c2b551cb6c26655167?s=96&d=mm&r=g","caption":"Julia Hellquist"},"url":"https:\/\/webstaging.babyjourney.se\/dk\/author\/julia\/"}]}},"_links":{"self":[{"href":"https:\/\/webstaging.babyjourney.se\/dk\/wp-json\/wp\/v2\/posts\/2077","targetHints":{"allow":["GET"]}}],"collection":[{"href":"https:\/\/webstaging.babyjourney.se\/dk\/wp-json\/wp\/v2\/posts"}],"about":[{"href":"https:\/\/webstaging.babyjourney.se\/dk\/wp-json\/wp\/v2\/types\/post"}],"author":[{"embeddable":true,"href":"https:\/\/webstaging.babyjourney.se\/dk\/wp-json\/wp\/v2\/users\/14"}],"replies":[{"embeddable":true,"href":"https:\/\/webstaging.babyjourney.se\/dk\/wp-json\/wp\/v2\/comments?post=2077"}],"version-history":[{"count":10,"href":"https:\/\/webstaging.babyjourney.se\/dk\/wp-json\/wp\/v2\/posts\/2077\/revisions"}],"predecessor-version":[{"id":65201,"href":"https:\/\/webstaging.babyjourney.se\/dk\/wp-json\/wp\/v2\/posts\/2077\/revisions\/65201"}],"wp:featuredmedia":[{"embeddable":true,"href":"https:\/\/webstaging.babyjourney.se\/dk\/wp-json\/wp\/v2\/media\/2078"}],"wp:attachment":[{"href":"https:\/\/webstaging.babyjourney.se\/dk\/wp-json\/wp\/v2\/media?parent=2077"}],"wp:term":[{"taxonomy":"category","embeddable":true,"href":"https:\/\/webstaging.babyjourney.se\/dk\/wp-json\/wp\/v2\/categories?post=2077"},{"taxonomy":"post_tag","embeddable":true,"href":"https:\/\/webstaging.babyjourney.se\/dk\/wp-json\/wp\/v2\/tags?post=2077"}],"curies":[{"name":"wp","href":"https:\/\/api.w.org\/{rel}","templated":true}]}}