
{"id":1063,"date":"2022-03-08T13:54:40","date_gmt":"2022-03-08T12:54:40","guid":{"rendered":"https:\/\/babyjourney.se\/?p=1063"},"modified":"2025-10-14T15:51:17","modified_gmt":"2025-10-14T13:51:17","slug":"part-2-lining-of-the-week-22-27","status":"publish","type":"post","link":"https:\/\/webstaging.babyjourney.se\/en\/forlossning\/del-2-fodd-i-veckan-22-27\/","title":{"rendered":"Part 2: Babies born in weeks 22-27"},"content":{"rendered":"<p><em>Verified and reviewed by: Midwife Maria Midstam<\/em><\/p>\n<p><strong>In this five-part series, you will be able to read about premature babies and the neonatal unit.<\/strong><\/p>\n<h2 data-start=\"397\" data-end=\"424\">Brain development<\/h2>\n<p data-start=\"426\" data-end=\"607\">The brain of the extremely premature baby is <strong data-start=\"473\" data-end=\"490\">very immature<\/strong>.<br data-start=\"491\" data-end=\"494\" \/>Most neurons have already formed, but the structure of the brain still needs to develop and organize itself.<\/p>\n<ul>\n<li data-start=\"611\" data-end=\"670\">Most of the child's energy goes into brain development.<\/li>\n<li data-start=\"611\" data-end=\"670\">The structure of the brain becomes progressively more organized, especially between <strong data-start=\"740\" data-end=\"755\">weeks 25-27<\/strong>.<\/li>\n<li data-start=\"611\" data-end=\"670\">The increased structure allows the brain to start working more efficiently - an important foundation for future learning and intelligence.<\/li>\n<\/ul>\n<p data-start=\"888\" data-end=\"986\">During this period, the child may also start <strong data-start=\"933\" data-end=\"967\">react to voices and movements<\/strong> in their environment.<\/p>\n<h2 data-start=\"993\" data-end=\"1027\">Sensory input and movements<\/h2>\n<p data-start=\"1029\" data-end=\"1087\">Despite the immaturity, several senses have already started to develop:<\/p>\n<ul>\n<li data-start=\"1091\" data-end=\"1172\"><strong data-start=\"1091\" data-end=\"1103\">Hearing:<\/strong> Is already developed, but the child is very sensitive to loud noises.<\/li>\n<li data-start=\"1091\" data-end=\"1172\"><strong data-start=\"1175\" data-end=\"1185\">The vision:<\/strong> The eyelids are thin and the eyes are sensitive. Under the right conditions, the child can open their eyes for short periods.<\/li>\n<li data-start=\"1091\" data-end=\"1172\"><strong data-start=\"1294\" data-end=\"1312\">Smell and taste:<\/strong> The sense of smell is active and the child can sense flavors.<\/li>\n<li data-start=\"1091\" data-end=\"1172\"><strong data-start=\"1367\" data-end=\"1375\">Hud:<\/strong> Thin, reddish and fragile with superficial nerve fibers that make the skin very sensitive.<\/li>\n<li data-start=\"1091\" data-end=\"1172\"><strong data-start=\"1459\" data-end=\"1478\">Movement patterns:<\/strong> Immature and often jerky. The child stretches and moves reflexively.<\/li>\n<\/ul>\n<p data-start=\"1554\" data-end=\"1679\">The child switches between <strong data-start=\"1575\" data-end=\"1589\">shallow sleep<\/strong> and <strong data-start=\"1594\" data-end=\"1614\">easier wakefulness<\/strong>, making it difficult to determine when it is asleep or awake.<\/p>\n<h2 data-start=\"1686\" data-end=\"1728\">Care and support in the neonatal unit<\/h2>\n<p data-start=\"1730\" data-end=\"1890\">In the beginning, the extremely premature baby needs <strong data-start=\"1783\" data-end=\"1799\">intensive care<\/strong>.<br data-start=\"1800\" data-end=\"1803\" \/>The environment is carefully adapted to mimic that in the womb: <strong data-start=\"1864\" data-end=\"1888\">dark, quiet and calm.<\/strong><\/p>\n<ul>\n<li data-start=\"1894\" data-end=\"1994\"><strong data-start=\"1894\" data-end=\"1904\">Incubator:<\/strong> A warm and moist incubator helps keep the baby warm and protects against external stimuli.<\/li>\n<li data-start=\"1894\" data-end=\"1994\"><strong data-start=\"1997\" data-end=\"2011\">Bed nest:<\/strong> Supports the body and helps the child feel safe.<\/li>\n<li data-start=\"1894\" data-end=\"1994\"><strong data-start=\"2075\" data-end=\"2092\">Respiratory support:<\/strong> Many children need help from <strong data-start=\"2121\" data-end=\"2135\">respirator<\/strong> due to an irregular breathing pattern.<\/li>\n<li data-start=\"1894\" data-end=\"1994\"><strong data-start=\"2186\" data-end=\"2205\">Light treatment:<\/strong> Given when needed, as the liver is immature.<\/li>\n<li data-start=\"1894\" data-end=\"1994\"><strong data-start=\"2252\" data-end=\"2263\">Nutrition:<\/strong> The child is given small amounts of food via a stomach tube, often combined with nutrition via a drip.<\/li>\n<li data-start=\"1894\" data-end=\"1994\"><strong data-start=\"2354\" data-end=\"2379\">susceptibility to infection:<\/strong> The child is highly susceptible to infections and needs careful hygiene and monitoring.<\/li>\n<\/ul>\n<section class=\"answer-blocks\">\n<h2>Rapid responses<\/h2>\n<article class=\"answer-item\">\n<h3>The brain:<\/h3>\n<p>Develops rapidly and starts to organize itself for more efficient functioning between weeks 25-27.<\/p>\n<\/article>\n<article class=\"answer-item\">\n<h3>Sensory input:<\/h3>\n<p>The child can taste, smell and hear voices - but is sensitive to light and sound.<\/p>\n<\/article>\n<article class=\"answer-item\">\n<h3>Hud:<\/h3>\n<p>Thin, reddish and fragile, with superficial nerve fibers that make the skin sensitive to touch.<\/p>\n<\/article>\n<article class=\"answer-item\">\n<h3>Care:<\/h3>\n<p>Incubators, breathing support and a calm environment are crucial for the baby's safety and development.<\/p>\n<\/article>\n<article class=\"answer-item\">\n<h3>Reactions:<\/h3>\n<p>The child may move in response to voices or touch.<\/p>\n<\/article>\n<\/section>","protected":false},"excerpt":{"rendered":"<p>Verified and reviewed by: Midwife Maria Midstam In this five-part series of articles, you will be able to read about premature babies and the neonatal unit. Brain development The extremely preterm baby's brain is very immature, with most of the nerve cells having...<\/p>","protected":false},"author":4,"featured_media":1060,"comment_status":"closed","ping_status":"open","sticky":false,"template":"","format":"standard","meta":{"_acf_changed":false,"footnotes":""},"categories":[3],"tags":[],"class_list":["post-1063","post","type-post","status-publish","format-standard","has-post-thumbnail","hentry","category-forlossning"],"acf":[],"yoast_head":"<!-- This site is optimized with the Yoast SEO plugin v28.0 - https:\/\/yoast.com\/product\/yoast-seo-wordpress\/ -->\n<title>Del 2: Bebisar f\u00f6dda i vecka 22-27 | Baby Journey<\/title>\n<meta name=\"description\" content=\"Det extremt tidigt f\u00f6dda barnets hj\u00e4rna \u00e4r mycket omogen och \u00e4ven lungorna. De flesta nervceller har redan bildats men hj\u00e4rnans struktur\" \/>\n<meta name=\"robots\" content=\"index, follow, max-snippet:-1, max-image-preview:large, max-video-preview:-1\" \/>\n<link rel=\"canonical\" href=\"https:\/\/webstaging.babyjourney.se\/en\/childbirth\/part-2-lining-of-the-week-22-27\/\" \/>\n<meta property=\"og:locale\" content=\"en_US\" \/>\n<meta property=\"og:type\" content=\"article\" \/>\n<meta property=\"og:title\" content=\"Del 2: Bebisar f\u00f6dda i vecka 22-27 | Baby Journey\" \/>\n<meta property=\"og:description\" content=\"Det extremt tidigt f\u00f6dda barnets hj\u00e4rna \u00e4r mycket omogen och \u00e4ven lungorna. De flesta nervceller har redan bildats men hj\u00e4rnans struktur\" \/>\n<meta property=\"og:url\" content=\"https:\/\/webstaging.babyjourney.se\/en\/childbirth\/part-2-lining-of-the-week-22-27\/\" \/>\n<meta property=\"og:site_name\" content=\"Baby Journey\" \/>\n<meta property=\"article:published_time\" content=\"2022-03-08T12:54:40+00:00\" \/>\n<meta property=\"article:modified_time\" content=\"2025-10-14T13:51:17+00:00\" \/>\n<meta property=\"og:image\" content=\"https:\/\/webstaging.babyjourney.se\/wp-content\/uploads\/2022\/02\/newborn-1.png\" \/>\n\t<meta property=\"og:image:width\" content=\"800\" \/>\n\t<meta property=\"og:image:height\" content=\"600\" \/>\n\t<meta property=\"og:image:type\" content=\"image\/png\" \/>\n<meta name=\"author\" content=\"malin@babyjourney.se\" \/>\n<meta name=\"twitter:card\" content=\"summary_large_image\" \/>\n<meta name=\"twitter:label1\" content=\"Written by\" \/>\n\t<meta name=\"twitter:data1\" content=\"malin@babyjourney.se\" \/>\n\t<meta name=\"twitter:label2\" content=\"Est. reading time\" \/>\n\t<meta name=\"twitter:data2\" content=\"3 minutes\" \/>\n<script type=\"application\/ld+json\" class=\"yoast-schema-graph\">{\"@context\":\"https:\\\/\\\/schema.org\",\"@graph\":[{\"@type\":\"Article\",\"@id\":\"https:\\\/\\\/webstaging.babyjourney.se\\\/forlossning\\\/del-2-fodd-i-veckan-22-27\\\/#article\",\"isPartOf\":{\"@id\":\"https:\\\/\\\/webstaging.babyjourney.se\\\/forlossning\\\/del-2-fodd-i-veckan-22-27\\\/\"},\"author\":{\"name\":\"malin@babyjourney.se\",\"@id\":\"https:\\\/\\\/webstaging.babyjourney.se\\\/#\\\/schema\\\/person\\\/43e4b682dd88bf6e0f3afdca7b0feb92\"},\"headline\":\"Del 2: Bebisar f\u00f6dda i vecka 22-27\",\"datePublished\":\"2022-03-08T12:54:40+00:00\",\"dateModified\":\"2025-10-14T13:51:17+00:00\",\"mainEntityOfPage\":{\"@id\":\"https:\\\/\\\/webstaging.babyjourney.se\\\/forlossning\\\/del-2-fodd-i-veckan-22-27\\\/\"},\"wordCount\":482,\"image\":{\"@id\":\"https:\\\/\\\/webstaging.babyjourney.se\\\/forlossning\\\/del-2-fodd-i-veckan-22-27\\\/#primaryimage\"},\"thumbnailUrl\":\"https:\\\/\\\/webstaging.babyjourney.se\\\/wp-content\\\/uploads\\\/2022\\\/02\\\/newborn-1.png\",\"articleSection\":[\"F\u00f6rlossning\"],\"inLanguage\":\"en-US\"},{\"@type\":\"WebPage\",\"@id\":\"https:\\\/\\\/webstaging.babyjourney.se\\\/forlossning\\\/del-2-fodd-i-veckan-22-27\\\/\",\"url\":\"https:\\\/\\\/webstaging.babyjourney.se\\\/forlossning\\\/del-2-fodd-i-veckan-22-27\\\/\",\"name\":\"Del 2: Bebisar f\u00f6dda i vecka 22-27 | Baby Journey\",\"isPartOf\":{\"@id\":\"https:\\\/\\\/webstaging.babyjourney.se\\\/#website\"},\"primaryImageOfPage\":{\"@id\":\"https:\\\/\\\/webstaging.babyjourney.se\\\/forlossning\\\/del-2-fodd-i-veckan-22-27\\\/#primaryimage\"},\"image\":{\"@id\":\"https:\\\/\\\/webstaging.babyjourney.se\\\/forlossning\\\/del-2-fodd-i-veckan-22-27\\\/#primaryimage\"},\"thumbnailUrl\":\"https:\\\/\\\/webstaging.babyjourney.se\\\/wp-content\\\/uploads\\\/2022\\\/02\\\/newborn-1.png\",\"datePublished\":\"2022-03-08T12:54:40+00:00\",\"dateModified\":\"2025-10-14T13:51:17+00:00\",\"author\":{\"@id\":\"https:\\\/\\\/webstaging.babyjourney.se\\\/#\\\/schema\\\/person\\\/43e4b682dd88bf6e0f3afdca7b0feb92\"},\"description\":\"Det extremt tidigt f\u00f6dda barnets hj\u00e4rna \u00e4r mycket omogen och \u00e4ven lungorna. De flesta nervceller har redan bildats men hj\u00e4rnans struktur\",\"breadcrumb\":{\"@id\":\"https:\\\/\\\/webstaging.babyjourney.se\\\/forlossning\\\/del-2-fodd-i-veckan-22-27\\\/#breadcrumb\"},\"inLanguage\":\"en-US\",\"potentialAction\":[{\"@type\":\"ReadAction\",\"target\":[\"https:\\\/\\\/webstaging.babyjourney.se\\\/forlossning\\\/del-2-fodd-i-veckan-22-27\\\/\"]}]},{\"@type\":\"ImageObject\",\"inLanguage\":\"en-US\",\"@id\":\"https:\\\/\\\/webstaging.babyjourney.se\\\/forlossning\\\/del-2-fodd-i-veckan-22-27\\\/#primaryimage\",\"url\":\"https:\\\/\\\/webstaging.babyjourney.se\\\/wp-content\\\/uploads\\\/2022\\\/02\\\/newborn-1.png\",\"contentUrl\":\"https:\\\/\\\/webstaging.babyjourney.se\\\/wp-content\\\/uploads\\\/2022\\\/02\\\/newborn-1.png\",\"width\":800,\"height\":600,\"caption\":\"f\u00f6r tidigt f\u00f6dda barn\"},{\"@type\":\"BreadcrumbList\",\"@id\":\"https:\\\/\\\/webstaging.babyjourney.se\\\/forlossning\\\/del-2-fodd-i-veckan-22-27\\\/#breadcrumb\",\"itemListElement\":[{\"@type\":\"ListItem\",\"position\":1,\"name\":\"Home\",\"item\":\"https:\\\/\\\/webstaging.babyjourney.se\\\/\"},{\"@type\":\"ListItem\",\"position\":2,\"name\":\"Del 2: Bebisar f\u00f6dda i vecka 22-27\"}]},{\"@type\":\"WebSite\",\"@id\":\"https:\\\/\\\/webstaging.babyjourney.se\\\/#website\",\"url\":\"https:\\\/\\\/webstaging.babyjourney.se\\\/\",\"name\":\"Baby Journey\",\"description\":\"Baby Journey Gravidapp \u00e4r framtagen f\u00f6r att minska ensamheten under en graviditet och \u00f6ka samh\u00f6righeten bland gravida kvinnor och partners.\",\"potentialAction\":[{\"@type\":\"SearchAction\",\"target\":{\"@type\":\"EntryPoint\",\"urlTemplate\":\"https:\\\/\\\/webstaging.babyjourney.se\\\/?s={search_term_string}\"},\"query-input\":{\"@type\":\"PropertyValueSpecification\",\"valueRequired\":true,\"valueName\":\"search_term_string\"}}],\"inLanguage\":\"en-US\"},{\"@type\":\"Person\",\"@id\":\"https:\\\/\\\/webstaging.babyjourney.se\\\/#\\\/schema\\\/person\\\/43e4b682dd88bf6e0f3afdca7b0feb92\",\"name\":\"malin@babyjourney.se\",\"image\":{\"@type\":\"ImageObject\",\"inLanguage\":\"en-US\",\"@id\":\"https:\\\/\\\/secure.gravatar.com\\\/avatar\\\/8c2dc2b902ffc46d191b1208f5844a2c4fe24f739a33b0f346429fc559954f47?s=96&d=mm&r=g\",\"url\":\"https:\\\/\\\/secure.gravatar.com\\\/avatar\\\/8c2dc2b902ffc46d191b1208f5844a2c4fe24f739a33b0f346429fc559954f47?s=96&d=mm&r=g\",\"contentUrl\":\"https:\\\/\\\/secure.gravatar.com\\\/avatar\\\/8c2dc2b902ffc46d191b1208f5844a2c4fe24f739a33b0f346429fc559954f47?s=96&d=mm&r=g\",\"caption\":\"malin@babyjourney.se\"},\"url\":\"https:\\\/\\\/webstaging.babyjourney.se\\\/en\\\/author\\\/malinbabyjourney-se\\\/\"}]}<\/script>\n<!-- \/ Yoast SEO plugin. -->","yoast_head_json":{"title":"Part 2: Babies born in weeks 22-27 | Baby Journey","description":"The brain of the extremely premature baby is very immature, as are the lungs. Most neurons have already formed but the brain structure","robots":{"index":"index","follow":"follow","max-snippet":"max-snippet:-1","max-image-preview":"max-image-preview:large","max-video-preview":"max-video-preview:-1"},"canonical":"https:\/\/webstaging.babyjourney.se\/en\/childbirth\/part-2-lining-of-the-week-22-27\/","og_locale":"en_US","og_type":"article","og_title":"Del 2: Bebisar f\u00f6dda i vecka 22-27 | Baby Journey","og_description":"Det extremt tidigt f\u00f6dda barnets hj\u00e4rna \u00e4r mycket omogen och \u00e4ven lungorna. De flesta nervceller har redan bildats men hj\u00e4rnans struktur","og_url":"https:\/\/webstaging.babyjourney.se\/en\/childbirth\/part-2-lining-of-the-week-22-27\/","og_site_name":"Baby Journey","article_published_time":"2022-03-08T12:54:40+00:00","article_modified_time":"2025-10-14T13:51:17+00:00","og_image":[{"width":800,"height":600,"url":"https:\/\/webstaging.babyjourney.se\/wp-content\/uploads\/2022\/02\/newborn-1.png","type":"image\/png"}],"author":"malin@babyjourney.se","twitter_card":"summary_large_image","twitter_misc":{"Written by":"malin@babyjourney.se","Est. reading time":"3 minutes"},"schema":{"@context":"https:\/\/schema.org","@graph":[{"@type":"Article","@id":"https:\/\/webstaging.babyjourney.se\/forlossning\/del-2-fodd-i-veckan-22-27\/#article","isPartOf":{"@id":"https:\/\/webstaging.babyjourney.se\/forlossning\/del-2-fodd-i-veckan-22-27\/"},"author":{"name":"malin@babyjourney.se","@id":"https:\/\/webstaging.babyjourney.se\/#\/schema\/person\/43e4b682dd88bf6e0f3afdca7b0feb92"},"headline":"Del 2: Bebisar f\u00f6dda i vecka 22-27","datePublished":"2022-03-08T12:54:40+00:00","dateModified":"2025-10-14T13:51:17+00:00","mainEntityOfPage":{"@id":"https:\/\/webstaging.babyjourney.se\/forlossning\/del-2-fodd-i-veckan-22-27\/"},"wordCount":482,"image":{"@id":"https:\/\/webstaging.babyjourney.se\/forlossning\/del-2-fodd-i-veckan-22-27\/#primaryimage"},"thumbnailUrl":"https:\/\/webstaging.babyjourney.se\/wp-content\/uploads\/2022\/02\/newborn-1.png","articleSection":["F\u00f6rlossning"],"inLanguage":"en-US"},{"@type":"WebPage","@id":"https:\/\/webstaging.babyjourney.se\/forlossning\/del-2-fodd-i-veckan-22-27\/","url":"https:\/\/webstaging.babyjourney.se\/forlossning\/del-2-fodd-i-veckan-22-27\/","name":"Part 2: Babies born in weeks 22-27 | Baby Journey","isPartOf":{"@id":"https:\/\/webstaging.babyjourney.se\/#website"},"primaryImageOfPage":{"@id":"https:\/\/webstaging.babyjourney.se\/forlossning\/del-2-fodd-i-veckan-22-27\/#primaryimage"},"image":{"@id":"https:\/\/webstaging.babyjourney.se\/forlossning\/del-2-fodd-i-veckan-22-27\/#primaryimage"},"thumbnailUrl":"https:\/\/webstaging.babyjourney.se\/wp-content\/uploads\/2022\/02\/newborn-1.png","datePublished":"2022-03-08T12:54:40+00:00","dateModified":"2025-10-14T13:51:17+00:00","author":{"@id":"https:\/\/webstaging.babyjourney.se\/#\/schema\/person\/43e4b682dd88bf6e0f3afdca7b0feb92"},"description":"The brain of the extremely premature baby is very immature, as are the lungs. Most neurons have already formed but the brain structure","breadcrumb":{"@id":"https:\/\/webstaging.babyjourney.se\/forlossning\/del-2-fodd-i-veckan-22-27\/#breadcrumb"},"inLanguage":"en-US","potentialAction":[{"@type":"ReadAction","target":["https:\/\/webstaging.babyjourney.se\/forlossning\/del-2-fodd-i-veckan-22-27\/"]}]},{"@type":"ImageObject","inLanguage":"en-US","@id":"https:\/\/webstaging.babyjourney.se\/forlossning\/del-2-fodd-i-veckan-22-27\/#primaryimage","url":"https:\/\/webstaging.babyjourney.se\/wp-content\/uploads\/2022\/02\/newborn-1.png","contentUrl":"https:\/\/webstaging.babyjourney.se\/wp-content\/uploads\/2022\/02\/newborn-1.png","width":800,"height":600,"caption":"f\u00f6r tidigt f\u00f6dda barn"},{"@type":"BreadcrumbList","@id":"https:\/\/webstaging.babyjourney.se\/forlossning\/del-2-fodd-i-veckan-22-27\/#breadcrumb","itemListElement":[{"@type":"ListItem","position":1,"name":"Home","item":"https:\/\/webstaging.babyjourney.se\/"},{"@type":"ListItem","position":2,"name":"Del 2: Bebisar f\u00f6dda i vecka 22-27"}]},{"@type":"WebSite","@id":"https:\/\/webstaging.babyjourney.se\/#website","url":"https:\/\/webstaging.babyjourney.se\/","name":"Baby Journey","description":"The Baby Journey Pregnancy App is designed to reduce loneliness during pregnancy and increase connection between pregnant women and their partners.","potentialAction":[{"@type":"SearchAction","target":{"@type":"EntryPoint","urlTemplate":"https:\/\/webstaging.babyjourney.se\/?s={search_term_string}"},"query-input":{"@type":"PropertyValueSpecification","valueRequired":true,"valueName":"search_term_string"}}],"inLanguage":"en-US"},{"@type":"Person","@id":"https:\/\/webstaging.babyjourney.se\/#\/schema\/person\/43e4b682dd88bf6e0f3afdca7b0feb92","name":"malin@babyjourney.se","image":{"@type":"ImageObject","inLanguage":"en-US","@id":"https:\/\/secure.gravatar.com\/avatar\/8c2dc2b902ffc46d191b1208f5844a2c4fe24f739a33b0f346429fc559954f47?s=96&d=mm&r=g","url":"https:\/\/secure.gravatar.com\/avatar\/8c2dc2b902ffc46d191b1208f5844a2c4fe24f739a33b0f346429fc559954f47?s=96&d=mm&r=g","contentUrl":"https:\/\/secure.gravatar.com\/avatar\/8c2dc2b902ffc46d191b1208f5844a2c4fe24f739a33b0f346429fc559954f47?s=96&d=mm&r=g","caption":"malin@babyjourney.se"},"url":"https:\/\/webstaging.babyjourney.se\/en\/author\/malinbabyjourney-se\/"}]}},"_links":{"self":[{"href":"https:\/\/webstaging.babyjourney.se\/en\/wp-json\/wp\/v2\/posts\/1063","targetHints":{"allow":["GET"]}}],"collection":[{"href":"https:\/\/webstaging.babyjourney.se\/en\/wp-json\/wp\/v2\/posts"}],"about":[{"href":"https:\/\/webstaging.babyjourney.se\/en\/wp-json\/wp\/v2\/types\/post"}],"author":[{"embeddable":true,"href":"https:\/\/webstaging.babyjourney.se\/en\/wp-json\/wp\/v2\/users\/4"}],"replies":[{"embeddable":true,"href":"https:\/\/webstaging.babyjourney.se\/en\/wp-json\/wp\/v2\/comments?post=1063"}],"version-history":[{"count":8,"href":"https:\/\/webstaging.babyjourney.se\/en\/wp-json\/wp\/v2\/posts\/1063\/revisions"}],"predecessor-version":[{"id":66441,"href":"https:\/\/webstaging.babyjourney.se\/en\/wp-json\/wp\/v2\/posts\/1063\/revisions\/66441"}],"wp:featuredmedia":[{"embeddable":true,"href":"https:\/\/webstaging.babyjourney.se\/en\/wp-json\/wp\/v2\/media\/1060"}],"wp:attachment":[{"href":"https:\/\/webstaging.babyjourney.se\/en\/wp-json\/wp\/v2\/media?parent=1063"}],"wp:term":[{"taxonomy":"category","embeddable":true,"href":"https:\/\/webstaging.babyjourney.se\/en\/wp-json\/wp\/v2\/categories?post=1063"},{"taxonomy":"post_tag","embeddable":true,"href":"https:\/\/webstaging.babyjourney.se\/en\/wp-json\/wp\/v2\/tags?post=1063"}],"curies":[{"name":"wp","href":"https:\/\/api.w.org\/{rel}","templated":true}]}}